{"id":111205,"date":"2022-10-04T13:04:42","date_gmt":"2022-10-04T16:04:42","guid":{"rendered":"https:\/\/eldiariodesanpedro.com.ar\/sitio\/?p=111205"},"modified":"2022-10-04T13:14:47","modified_gmt":"2022-10-04T16:14:47","slug":"san-pedro-de-luto-murio-cesar-mascetti-a-los-80-anos","status":"publish","type":"post","link":"https:\/\/eldiariodesanpedro.com.ar\/sitio\/san-pedro-de-luto-murio-cesar-mascetti-a-los-80-anos\/","title":{"rendered":"San Pedro de luto, muri\u00f3 Cesar Mascetti a los 80 a\u00f1os"},"content":{"rendered":"<!-- VideographyWP Plugin Message: Automatic video embedding prevented by plugin options. -->\n\n<p>El periodista sampedrino nacido en 1941 falleci\u00f3 este martes 4 de octubre producto de una larga enfermedad. Su deceso genera conmoci\u00f3n no solamente en la ciudad de San Pedro sino en todo el pa\u00eds.\u00a0<\/p>\n\n\n\n<p><\/p>\n","protected":false},"excerpt":{"rendered":"<p>El periodista sampedrino nacido en 1941 falleci\u00f3 este martes 4 de octubre producto de una larga enfermedad. Su deceso genera conmoci\u00f3n no solamente en la ciudad de San Pedro sino en todo el pa\u00eds.\u00a0<\/p>\n","protected":false},"author":4,"featured_media":111206,"comment_status":"closed","ping_status":"closed","sticky":false,"template":"","format":"standard","meta":{"om_disable_all_campaigns":false,"_jetpack_memberships_contains_paid_content":false,"footnotes":""},"categories":[50,101,2],"tags":[197,696,33,19],"class_list":["post-111205","post","type-post","status-publish","format-standard","has-post-thumbnail","hentry","category-destacadas","category-interes-general-locales","category-locales","tag-buenos-aires","tag-interes-general","tag-locales","tag-san-pedro"],"aioseo_notices":[],"gutentor_comment":0,"jetpack_featured_media_url":"https:\/\/eldiariodesanpedro.com.ar\/sitio\/wp-content\/uploads\/2022\/10\/FWECQUNUQJCMBCUSFXEIWC5V5A.jpg","jetpack_shortlink":"https:\/\/wp.me\/p6RhLt-sVD","jetpack_sharing_enabled":true,"_links":{"self":[{"href":"https:\/\/eldiariodesanpedro.com.ar\/sitio\/wp-json\/wp\/v2\/posts\/111205","targetHints":{"allow":["GET"]}}],"collection":[{"href":"https:\/\/eldiariodesanpedro.com.ar\/sitio\/wp-json\/wp\/v2\/posts"}],"about":[{"href":"https:\/\/eldiariodesanpedro.com.ar\/sitio\/wp-json\/wp\/v2\/types\/post"}],"author":[{"embeddable":true,"href":"https:\/\/eldiariodesanpedro.com.ar\/sitio\/wp-json\/wp\/v2\/users\/4"}],"replies":[{"embeddable":true,"href":"https:\/\/eldiariodesanpedro.com.ar\/sitio\/wp-json\/wp\/v2\/comments?post=111205"}],"version-history":[{"count":3,"href":"https:\/\/eldiariodesanpedro.com.ar\/sitio\/wp-json\/wp\/v2\/posts\/111205\/revisions"}],"predecessor-version":[{"id":111209,"href":"https:\/\/eldiariodesanpedro.com.ar\/sitio\/wp-json\/wp\/v2\/posts\/111205\/revisions\/111209"}],"wp:featuredmedia":[{"embeddable":true,"href":"https:\/\/eldiariodesanpedro.com.ar\/sitio\/wp-json\/wp\/v2\/media\/111206"}],"wp:attachment":[{"href":"https:\/\/eldiariodesanpedro.com.ar\/sitio\/wp-json\/wp\/v2\/media?parent=111205"}],"wp:term":[{"taxonomy":"category","embeddable":true,"href":"https:\/\/eldiariodesanpedro.com.ar\/sitio\/wp-json\/wp\/v2\/categories?post=111205"},{"taxonomy":"post_tag","embeddable":true,"href":"https:\/\/eldiariodesanpedro.com.ar\/sitio\/wp-json\/wp\/v2\/tags?post=111205"}],"curies":[{"name":"wp","href":"https:\/\/api.w.org\/{rel}","templated":true}]}}