{"id":111198,"date":"2022-10-03T13:49:33","date_gmt":"2022-10-03T16:49:33","guid":{"rendered":"https:\/\/eldiariodesanpedro.com.ar\/sitio\/?p=111198"},"modified":"2022-10-03T13:49:34","modified_gmt":"2022-10-03T16:49:34","slug":"un-ciudadano-aprehendido-cuando-intentaba-usurpar-un-predio-que-tiene-dueno","status":"publish","type":"post","link":"https:\/\/eldiariodesanpedro.com.ar\/sitio\/un-ciudadano-aprehendido-cuando-intentaba-usurpar-un-predio-que-tiene-dueno\/","title":{"rendered":"Un ciudadano aprehendido cuando intentaba usurpar un predio que tiene due\u00f1o"},"content":{"rendered":"<!-- VideographyWP Plugin Message: Automatic video embedding prevented by plugin options. -->\n\n<p>En la jornada de ayer domingo promediando las 11 horas a ra\u00edz llamado a la dependencia &nbsp;sobre un conflicto vecinal personal policial acude a calle Mateo Sbert N 800 aproximadamente, donde proceden a la aprehensi\u00f3n de un ciudadano de&nbsp; 26 a\u00f1os, quien se encontraba cerrando un predio en construcci\u00f3n con chapas, propiedad de &nbsp;ciudadano de 47 a\u00f1os, este \u00faltimo acreditando titularidad mediante documentaci\u00f3n pertinente.-<\/p>\n\n\n\n<p>Interviniendo la UFI N\u00b011 Local, disponiendo que el aprehendido sea notificado del inicio de la formaci\u00f3n de la causa y posterior libertad.- &nbsp;<\/p>\n","protected":false},"excerpt":{"rendered":"<p>En la jornada de ayer domingo promediando las 11 horas a ra\u00edz llamado a la dependencia &nbsp;sobre un conflicto vecinal personal policial acude a calle Mateo Sbert N 800 aproximadamente, donde proceden a la aprehensi\u00f3n de un ciudadano de&nbsp; 26 a\u00f1os, quien se encontraba cerrando un predio en construcci\u00f3n con chapas, propiedad de &nbsp;ciudadano de [&hellip;]<\/p>\n","protected":false},"author":4,"featured_media":111199,"comment_status":"closed","ping_status":"closed","sticky":false,"template":"","format":"standard","meta":{"om_disable_all_campaigns":false,"_jetpack_memberships_contains_paid_content":false,"footnotes":""},"categories":[2,103],"tags":[197,33,95,19],"class_list":["post-111198","post","type-post","status-publish","format-standard","has-post-thumbnail","hentry","category-locales","category-policiales-locales","tag-buenos-aires","tag-locales","tag-policiales","tag-san-pedro"],"aioseo_notices":[],"gutentor_comment":0,"jetpack_featured_media_url":"https:\/\/eldiariodesanpedro.com.ar\/sitio\/wp-content\/uploads\/2022\/10\/3.jpg","jetpack_shortlink":"https:\/\/wp.me\/p6RhLt-sVw","jetpack_sharing_enabled":true,"_links":{"self":[{"href":"https:\/\/eldiariodesanpedro.com.ar\/sitio\/wp-json\/wp\/v2\/posts\/111198","targetHints":{"allow":["GET"]}}],"collection":[{"href":"https:\/\/eldiariodesanpedro.com.ar\/sitio\/wp-json\/wp\/v2\/posts"}],"about":[{"href":"https:\/\/eldiariodesanpedro.com.ar\/sitio\/wp-json\/wp\/v2\/types\/post"}],"author":[{"embeddable":true,"href":"https:\/\/eldiariodesanpedro.com.ar\/sitio\/wp-json\/wp\/v2\/users\/4"}],"replies":[{"embeddable":true,"href":"https:\/\/eldiariodesanpedro.com.ar\/sitio\/wp-json\/wp\/v2\/comments?post=111198"}],"version-history":[{"count":1,"href":"https:\/\/eldiariodesanpedro.com.ar\/sitio\/wp-json\/wp\/v2\/posts\/111198\/revisions"}],"predecessor-version":[{"id":111200,"href":"https:\/\/eldiariodesanpedro.com.ar\/sitio\/wp-json\/wp\/v2\/posts\/111198\/revisions\/111200"}],"wp:featuredmedia":[{"embeddable":true,"href":"https:\/\/eldiariodesanpedro.com.ar\/sitio\/wp-json\/wp\/v2\/media\/111199"}],"wp:attachment":[{"href":"https:\/\/eldiariodesanpedro.com.ar\/sitio\/wp-json\/wp\/v2\/media?parent=111198"}],"wp:term":[{"taxonomy":"category","embeddable":true,"href":"https:\/\/eldiariodesanpedro.com.ar\/sitio\/wp-json\/wp\/v2\/categories?post=111198"},{"taxonomy":"post_tag","embeddable":true,"href":"https:\/\/eldiariodesanpedro.com.ar\/sitio\/wp-json\/wp\/v2\/tags?post=111198"}],"curies":[{"name":"wp","href":"https:\/\/api.w.org\/{rel}","templated":true}]}}