{"id":111195,"date":"2022-10-03T13:44:53","date_gmt":"2022-10-03T16:44:53","guid":{"rendered":"https:\/\/eldiariodesanpedro.com.ar\/sitio\/?p=111195"},"modified":"2022-10-03T13:44:54","modified_gmt":"2022-10-03T16:44:54","slug":"la-policia-aprehendio-un-ciudadano-que-estaba-ahorcando-con-sus-manos-a-su-pareja","status":"publish","type":"post","link":"https:\/\/eldiariodesanpedro.com.ar\/sitio\/la-policia-aprehendio-un-ciudadano-que-estaba-ahorcando-con-sus-manos-a-su-pareja\/","title":{"rendered":"La polic\u00eda aprehendi\u00f3 un ciudadano que estaba ahorcando con sus manos a su pareja"},"content":{"rendered":"<!-- VideographyWP Plugin Message: Automatic video embedding prevented by plugin options. -->\n\n<p>En el d\u00eda de ayer, promediando las 16:00 horas, a ra\u00edz llamado al servicio de 911 emergencias, el personal policial acude a camino de Villa Jard\u00edn moj\u00f3n 154 aproximadamente proceden a la aprehensi\u00f3n de un ciudadano de 26 a\u00f1os, quien amenaza y agrede f\u00edsicamente, utilizando sus manos para realizar un ahorcamiento, a su pareja de 28 a\u00f1os, ocasion\u00e1ndole lesiones de car\u00e1cter leves, siendo asistida en nosocomio local y la Comisaria de la Mujer y la Familia.-<br>Interviene la UFI N\u00b011 Local disponiendo que el ciudadano sea notificado de la formaci\u00f3n de la causa y se lo aloje en sector de calabozos.-<\/p>\n","protected":false},"excerpt":{"rendered":"<p>En el d\u00eda de ayer, promediando las 16:00 horas, a ra\u00edz llamado al servicio de 911 emergencias, el personal policial acude a camino de Villa Jard\u00edn moj\u00f3n 154 aproximadamente proceden a la aprehensi\u00f3n de un ciudadano de 26 a\u00f1os, quien amenaza y agrede f\u00edsicamente, utilizando sus manos para realizar un ahorcamiento, a su pareja de [&hellip;]<\/p>\n","protected":false},"author":4,"featured_media":111196,"comment_status":"closed","ping_status":"closed","sticky":false,"template":"","format":"standard","meta":{"om_disable_all_campaigns":false,"_jetpack_memberships_contains_paid_content":false,"footnotes":""},"categories":[2,103],"tags":[197,696,33,19],"class_list":["post-111195","post","type-post","status-publish","format-standard","has-post-thumbnail","hentry","category-locales","category-policiales-locales","tag-buenos-aires","tag-interes-general","tag-locales","tag-san-pedro"],"aioseo_notices":[],"gutentor_comment":0,"jetpack_featured_media_url":"https:\/\/eldiariodesanpedro.com.ar\/sitio\/wp-content\/uploads\/2022\/10\/2.jpg","jetpack_shortlink":"https:\/\/wp.me\/p6RhLt-sVt","jetpack_sharing_enabled":true,"_links":{"self":[{"href":"https:\/\/eldiariodesanpedro.com.ar\/sitio\/wp-json\/wp\/v2\/posts\/111195","targetHints":{"allow":["GET"]}}],"collection":[{"href":"https:\/\/eldiariodesanpedro.com.ar\/sitio\/wp-json\/wp\/v2\/posts"}],"about":[{"href":"https:\/\/eldiariodesanpedro.com.ar\/sitio\/wp-json\/wp\/v2\/types\/post"}],"author":[{"embeddable":true,"href":"https:\/\/eldiariodesanpedro.com.ar\/sitio\/wp-json\/wp\/v2\/users\/4"}],"replies":[{"embeddable":true,"href":"https:\/\/eldiariodesanpedro.com.ar\/sitio\/wp-json\/wp\/v2\/comments?post=111195"}],"version-history":[{"count":1,"href":"https:\/\/eldiariodesanpedro.com.ar\/sitio\/wp-json\/wp\/v2\/posts\/111195\/revisions"}],"predecessor-version":[{"id":111197,"href":"https:\/\/eldiariodesanpedro.com.ar\/sitio\/wp-json\/wp\/v2\/posts\/111195\/revisions\/111197"}],"wp:featuredmedia":[{"embeddable":true,"href":"https:\/\/eldiariodesanpedro.com.ar\/sitio\/wp-json\/wp\/v2\/media\/111196"}],"wp:attachment":[{"href":"https:\/\/eldiariodesanpedro.com.ar\/sitio\/wp-json\/wp\/v2\/media?parent=111195"}],"wp:term":[{"taxonomy":"category","embeddable":true,"href":"https:\/\/eldiariodesanpedro.com.ar\/sitio\/wp-json\/wp\/v2\/categories?post=111195"},{"taxonomy":"post_tag","embeddable":true,"href":"https:\/\/eldiariodesanpedro.com.ar\/sitio\/wp-json\/wp\/v2\/tags?post=111195"}],"curies":[{"name":"wp","href":"https:\/\/api.w.org\/{rel}","templated":true}]}}