{"id":111189,"date":"2022-10-03T13:32:02","date_gmt":"2022-10-03T16:32:02","guid":{"rendered":"https:\/\/eldiariodesanpedro.com.ar\/sitio\/?p=111189"},"modified":"2022-10-03T13:32:04","modified_gmt":"2022-10-03T16:32:04","slug":"participacion-sampedrina-en-el-encuentro-federal-previo-a-la-xv-conferencia-regional-de-la-mujer-de-america-latina-y-el-caribe","status":"publish","type":"post","link":"https:\/\/eldiariodesanpedro.com.ar\/sitio\/participacion-sampedrina-en-el-encuentro-federal-previo-a-la-xv-conferencia-regional-de-la-mujer-de-america-latina-y-el-caribe\/","title":{"rendered":"Participaci\u00f3n sampedrina en el encuentro federal previo a la XV Conferencia Regional de la Mujer de Am\u00e9rica Latina y el Caribe"},"content":{"rendered":"<!-- VideographyWP Plugin Message: Automatic video embedding prevented by plugin options. -->\n\n<p>La secretaria de Pol\u00edticas de G\u00e9nero, Mujeres y Diversidad de la Municipalidad de San Pedro, Laura Monfasani, particip\u00f3 este fin de semana de la Pre Conferencia Federal camino a la XV Conferencia Regional de la Mujer de Am\u00e9rica Latina y el Caribe, organizada por CEPAL y ONU Mujeres, que tuvo lugar en Mar del Plata.<\/p>\n\n\n\n<p>La jornada fue encabezada por la ministra de las Mujeres, G\u00e9neros y Diversidad de la Naci\u00f3n, Elizabeth G\u00f3mez Alcorta, junto a la vicegobernadora de la provincia de Buenos Aires, Ver\u00f3nica Magario; la ministra de Gobierno de PBA, Cristina \u00c1lvarez Rodr\u00edguez; la ministra de las Mujeres, Pol\u00edticas de G\u00e9nero y Diversidad Sexual de PBA, Estela D\u00edaz; la vicegobernadora de Entre R\u00edos, Mar\u00eda Laura Stratta; la vicegobernadora de La Rioja, Florencia L\u00f3pez; la vicegobernadora de Santa Fe, Alejandra Rodenas, adem\u00e1s de legisladoras de todo el pa\u00eds. Asimismo, el Gobernador de la provincia de Buenos Aires, Axel Kicillof, se acerc\u00f3 y dirigi\u00f3 unas palabras a las presentes.<\/p>\n\n\n\n<p>Este encuentro, del que participaron alrededor de mil mujeres y LGBTI+ de todo el pa\u00eds, fue el cierre del proceso participativo y federal que significaron los foros regionales y provinciales, por los que pasaron mujeres y LGBTI+ representantes de diversos \u00e1mbitos pol\u00edtico institucionales a nivel local, provincial y nacional, de cara a la Conferencia Regional que se realizar\u00e1 en noviembre, en Buenos Aires.<\/p>\n\n\n\n<p>Las oradoras de todo el pa\u00eds enfatizaron en la imperiosa necesidad de alzar colectivamente las voces contra los discursos reaccionarios y de odio y dieron un mensaje un\u00e1nime: no retroceder en los derechos conquistados por las mujeres y LGBTI+.<\/p>\n\n\n\n<p>Con eje en el desarrollo de pol\u00edticas p\u00fablicas en torno a la redistribuci\u00f3n de las tareas de cuidado como forma de redistribuir la riqueza, el encuentro tambi\u00e9n concluy\u00f3 en una declaraci\u00f3n en repudio al intento de magnifemicidio de la vicepresidenta Cristina Fern\u00e1ndez, considerado no solamente como un atentado contra la democracia sino tambi\u00e9n como un ataque al protagonismo y liderazgo de las mujeres.<\/p>\n\n\n\n<p>Monfasani estuvo acompa\u00f1ada por Nadia Quiroga, parte del equipo de la Secretar\u00eda de Pol\u00edticas de G\u00e9nero, Mujeres y Diversidad adem\u00e1s de la Encargada de Agencia Osprera San Pedro, Lorena Salazar.<\/p>\n\n\n\n<figure class=\"wp-block-image size-full\"><img decoding=\"async\" width=\"834\" height=\"556\" data-attachment-id=\"111192\" data-permalink=\"https:\/\/eldiariodesanpedro.com.ar\/sitio\/participacion-sampedrina-en-el-encuentro-federal-previo-a-la-xv-conferencia-regional-de-la-mujer-de-america-latina-y-el-caribe\/whatsapp-image-2022-10-03-at-12-48-08\/\" data-orig-file=\"https:\/\/eldiariodesanpedro.com.ar\/sitio\/wp-content\/uploads\/2022\/10\/WhatsApp-Image-2022-10-03-at-12.48.08.jpeg\" data-orig-size=\"834,556\" data-comments-opened=\"0\" data-image-meta=\"{&quot;aperture&quot;:&quot;0&quot;,&quot;credit&quot;:&quot;&quot;,&quot;camera&quot;:&quot;&quot;,&quot;caption&quot;:&quot;&quot;,&quot;created_timestamp&quot;:&quot;0&quot;,&quot;copyright&quot;:&quot;&quot;,&quot;focal_length&quot;:&quot;0&quot;,&quot;iso&quot;:&quot;0&quot;,&quot;shutter_speed&quot;:&quot;0&quot;,&quot;title&quot;:&quot;&quot;,&quot;orientation&quot;:&quot;0&quot;}\" data-image-title=\"WhatsApp Image 2022-10-03 at 12.48.08\" data-image-description=\"\" data-image-caption=\"\" data-large-file=\"https:\/\/eldiariodesanpedro.com.ar\/sitio\/wp-content\/uploads\/2022\/10\/WhatsApp-Image-2022-10-03-at-12.48.08.jpeg\" data-src=\"https:\/\/eldiariodesanpedro.com.ar\/sitio\/wp-content\/uploads\/2022\/10\/WhatsApp-Image-2022-10-03-at-12.48.08.jpeg\" alt=\"\" class=\"wp-image-111192 lazyload\" data-srcset=\"https:\/\/eldiariodesanpedro.com.ar\/sitio\/wp-content\/uploads\/2022\/10\/WhatsApp-Image-2022-10-03-at-12.48.08.jpeg 834w, https:\/\/eldiariodesanpedro.com.ar\/sitio\/wp-content\/uploads\/2022\/10\/WhatsApp-Image-2022-10-03-at-12.48.08-300x200.jpeg 300w, https:\/\/eldiariodesanpedro.com.ar\/sitio\/wp-content\/uploads\/2022\/10\/WhatsApp-Image-2022-10-03-at-12.48.08-768x512.jpeg 768w\" data-sizes=\"(max-width: 834px) 100vw, 834px\" src=\"data:image\/svg+xml;base64,PHN2ZyB3aWR0aD0iMSIgaGVpZ2h0PSIxIiB4bWxucz0iaHR0cDovL3d3dy53My5vcmcvMjAwMC9zdmciPjwvc3ZnPg==\" style=\"--smush-placeholder-width: 834px; --smush-placeholder-aspect-ratio: 834\/556;\" \/><\/figure>\n\n\n\n<figure class=\"wp-block-image size-full\"><img decoding=\"async\" width=\"810\" height=\"600\" data-attachment-id=\"111193\" data-permalink=\"https:\/\/eldiariodesanpedro.com.ar\/sitio\/participacion-sampedrina-en-el-encuentro-federal-previo-a-la-xv-conferencia-regional-de-la-mujer-de-america-latina-y-el-caribe\/whatsapp-image-2022-10-03-at-12-48-07-1\/\" data-orig-file=\"https:\/\/eldiariodesanpedro.com.ar\/sitio\/wp-content\/uploads\/2022\/10\/WhatsApp-Image-2022-10-03-at-12.48.07-1.jpeg\" data-orig-size=\"810,600\" data-comments-opened=\"0\" data-image-meta=\"{&quot;aperture&quot;:&quot;0&quot;,&quot;credit&quot;:&quot;&quot;,&quot;camera&quot;:&quot;&quot;,&quot;caption&quot;:&quot;&quot;,&quot;created_timestamp&quot;:&quot;0&quot;,&quot;copyright&quot;:&quot;&quot;,&quot;focal_length&quot;:&quot;0&quot;,&quot;iso&quot;:&quot;0&quot;,&quot;shutter_speed&quot;:&quot;0&quot;,&quot;title&quot;:&quot;&quot;,&quot;orientation&quot;:&quot;0&quot;}\" data-image-title=\"WhatsApp-Image-2022-10-03-at-12.48.07-1\" data-image-description=\"\" data-image-caption=\"\" data-large-file=\"https:\/\/eldiariodesanpedro.com.ar\/sitio\/wp-content\/uploads\/2022\/10\/WhatsApp-Image-2022-10-03-at-12.48.07-1.jpeg\" data-src=\"https:\/\/eldiariodesanpedro.com.ar\/sitio\/wp-content\/uploads\/2022\/10\/WhatsApp-Image-2022-10-03-at-12.48.07-1.jpeg\" alt=\"\" class=\"wp-image-111193 lazyload\" data-srcset=\"https:\/\/eldiariodesanpedro.com.ar\/sitio\/wp-content\/uploads\/2022\/10\/WhatsApp-Image-2022-10-03-at-12.48.07-1.jpeg 810w, https:\/\/eldiariodesanpedro.com.ar\/sitio\/wp-content\/uploads\/2022\/10\/WhatsApp-Image-2022-10-03-at-12.48.07-1-300x222.jpeg 300w, https:\/\/eldiariodesanpedro.com.ar\/sitio\/wp-content\/uploads\/2022\/10\/WhatsApp-Image-2022-10-03-at-12.48.07-1-768x569.jpeg 768w\" data-sizes=\"(max-width: 810px) 100vw, 810px\" src=\"data:image\/svg+xml;base64,PHN2ZyB3aWR0aD0iMSIgaGVpZ2h0PSIxIiB4bWxucz0iaHR0cDovL3d3dy53My5vcmcvMjAwMC9zdmciPjwvc3ZnPg==\" style=\"--smush-placeholder-width: 810px; --smush-placeholder-aspect-ratio: 810\/600;\" \/><\/figure>\n\n\n\n<figure class=\"wp-block-image size-full\"><img decoding=\"async\" width=\"473\" height=\"630\" data-attachment-id=\"111191\" data-permalink=\"https:\/\/eldiariodesanpedro.com.ar\/sitio\/participacion-sampedrina-en-el-encuentro-federal-previo-a-la-xv-conferencia-regional-de-la-mujer-de-america-latina-y-el-caribe\/whatsapp-image-2022-10-03-at-12-48-07\/\" data-orig-file=\"https:\/\/eldiariodesanpedro.com.ar\/sitio\/wp-content\/uploads\/2022\/10\/WhatsApp-Image-2022-10-03-at-12.48.07.jpeg\" data-orig-size=\"473,630\" data-comments-opened=\"0\" data-image-meta=\"{&quot;aperture&quot;:&quot;0&quot;,&quot;credit&quot;:&quot;&quot;,&quot;camera&quot;:&quot;&quot;,&quot;caption&quot;:&quot;&quot;,&quot;created_timestamp&quot;:&quot;0&quot;,&quot;copyright&quot;:&quot;&quot;,&quot;focal_length&quot;:&quot;0&quot;,&quot;iso&quot;:&quot;0&quot;,&quot;shutter_speed&quot;:&quot;0&quot;,&quot;title&quot;:&quot;&quot;,&quot;orientation&quot;:&quot;0&quot;}\" data-image-title=\"WhatsApp Image 2022-10-03 at 12.48.07\" data-image-description=\"\" data-image-caption=\"\" data-large-file=\"https:\/\/eldiariodesanpedro.com.ar\/sitio\/wp-content\/uploads\/2022\/10\/WhatsApp-Image-2022-10-03-at-12.48.07.jpeg\" data-src=\"https:\/\/eldiariodesanpedro.com.ar\/sitio\/wp-content\/uploads\/2022\/10\/WhatsApp-Image-2022-10-03-at-12.48.07.jpeg\" alt=\"\" class=\"wp-image-111191 lazyload\" data-srcset=\"https:\/\/eldiariodesanpedro.com.ar\/sitio\/wp-content\/uploads\/2022\/10\/WhatsApp-Image-2022-10-03-at-12.48.07.jpeg 473w, https:\/\/eldiariodesanpedro.com.ar\/sitio\/wp-content\/uploads\/2022\/10\/WhatsApp-Image-2022-10-03-at-12.48.07-225x300.jpeg 225w\" data-sizes=\"(max-width: 473px) 100vw, 473px\" src=\"data:image\/svg+xml;base64,PHN2ZyB3aWR0aD0iMSIgaGVpZ2h0PSIxIiB4bWxucz0iaHR0cDovL3d3dy53My5vcmcvMjAwMC9zdmciPjwvc3ZnPg==\" style=\"--smush-placeholder-width: 473px; --smush-placeholder-aspect-ratio: 473\/630;\" \/><\/figure>\n","protected":false},"excerpt":{"rendered":"<p>La secretaria de Pol\u00edticas de G\u00e9nero, Mujeres y Diversidad de la Municipalidad de San Pedro, Laura Monfasani, particip\u00f3 este fin de semana de la Pre Conferencia Federal camino a la XV Conferencia Regional de la Mujer de Am\u00e9rica Latina y el Caribe, organizada por CEPAL y ONU Mujeres, que tuvo lugar en Mar del Plata. [&hellip;]<\/p>\n","protected":false},"author":4,"featured_media":111190,"comment_status":"closed","ping_status":"closed","sticky":false,"template":"","format":"standard","meta":{"om_disable_all_campaigns":false,"_jetpack_memberships_contains_paid_content":false,"footnotes":""},"categories":[50,101,2],"tags":[197,696,33,19],"class_list":["post-111189","post","type-post","status-publish","format-standard","has-post-thumbnail","hentry","category-destacadas","category-interes-general-locales","category-locales","tag-buenos-aires","tag-interes-general","tag-locales","tag-san-pedro"],"aioseo_notices":[],"gutentor_comment":0,"jetpack_featured_media_url":"https:\/\/eldiariodesanpedro.com.ar\/sitio\/wp-content\/uploads\/2022\/10\/WhatsApp-Image-2022-10-03-at-12.48.06.jpeg","jetpack_shortlink":"https:\/\/wp.me\/p6RhLt-sVn","jetpack_sharing_enabled":true,"_links":{"self":[{"href":"https:\/\/eldiariodesanpedro.com.ar\/sitio\/wp-json\/wp\/v2\/posts\/111189","targetHints":{"allow":["GET"]}}],"collection":[{"href":"https:\/\/eldiariodesanpedro.com.ar\/sitio\/wp-json\/wp\/v2\/posts"}],"about":[{"href":"https:\/\/eldiariodesanpedro.com.ar\/sitio\/wp-json\/wp\/v2\/types\/post"}],"author":[{"embeddable":true,"href":"https:\/\/eldiariodesanpedro.com.ar\/sitio\/wp-json\/wp\/v2\/users\/4"}],"replies":[{"embeddable":true,"href":"https:\/\/eldiariodesanpedro.com.ar\/sitio\/wp-json\/wp\/v2\/comments?post=111189"}],"version-history":[{"count":1,"href":"https:\/\/eldiariodesanpedro.com.ar\/sitio\/wp-json\/wp\/v2\/posts\/111189\/revisions"}],"predecessor-version":[{"id":111194,"href":"https:\/\/eldiariodesanpedro.com.ar\/sitio\/wp-json\/wp\/v2\/posts\/111189\/revisions\/111194"}],"wp:featuredmedia":[{"embeddable":true,"href":"https:\/\/eldiariodesanpedro.com.ar\/sitio\/wp-json\/wp\/v2\/media\/111190"}],"wp:attachment":[{"href":"https:\/\/eldiariodesanpedro.com.ar\/sitio\/wp-json\/wp\/v2\/media?parent=111189"}],"wp:term":[{"taxonomy":"category","embeddable":true,"href":"https:\/\/eldiariodesanpedro.com.ar\/sitio\/wp-json\/wp\/v2\/categories?post=111189"},{"taxonomy":"post_tag","embeddable":true,"href":"https:\/\/eldiariodesanpedro.com.ar\/sitio\/wp-json\/wp\/v2\/tags?post=111189"}],"curies":[{"name":"wp","href":"https:\/\/api.w.org\/{rel}","templated":true}]}}