{"id":111185,"date":"2022-10-03T10:53:10","date_gmt":"2022-10-03T13:53:10","guid":{"rendered":"https:\/\/eldiariodesanpedro.com.ar\/sitio\/?p=111185"},"modified":"2022-10-03T10:53:11","modified_gmt":"2022-10-03T13:53:11","slug":"un-joven-aprehendido-este-domingo-por-agredir-a-su-pareja-con-una-pala","status":"publish","type":"post","link":"https:\/\/eldiariodesanpedro.com.ar\/sitio\/un-joven-aprehendido-este-domingo-por-agredir-a-su-pareja-con-una-pala\/","title":{"rendered":"Un joven aprehendido este domingo por agredir a su pareja con una pala"},"content":{"rendered":"<!-- VideographyWP Plugin Message: Automatic video embedding prevented by plugin options. -->\n\n<p>En el d\u00eda de ayer, promediando las 09:00 horas, a ra\u00edz llamado al servicio de 911 emergencias, el personal policial se hace presente en calle F. C Rodr\u00edguez y Ansaloni donde proceden a&nbsp; la aprehensi\u00f3n de un ciudadano de 40 a\u00f1os, quien momentos previos amenaza y agrede f\u00edsicamente con una pala a su pareja&nbsp; de 29 a\u00f1os, ocasion\u00e1ndole lesiones de car\u00e1cter leves, siendo asistida en nosocomio local y por la Comisaria de la Mujer y la Familia.<\/p>\n\n\n\n<p>Interviene la UFI N\u00b011 Local disponiendo que el ciudadano sea notificado de la formaci\u00f3n de la causa y se lo aloje en sector de calabozos.-<\/p>\n","protected":false},"excerpt":{"rendered":"<p>En el d\u00eda de ayer, promediando las 09:00 horas, a ra\u00edz llamado al servicio de 911 emergencias, el personal policial se hace presente en calle F. C Rodr\u00edguez y Ansaloni donde proceden a&nbsp; la aprehensi\u00f3n de un ciudadano de 40 a\u00f1os, quien momentos previos amenaza y agrede f\u00edsicamente con una pala a su pareja&nbsp; de [&hellip;]<\/p>\n","protected":false},"author":4,"featured_media":111186,"comment_status":"closed","ping_status":"closed","sticky":false,"template":"","format":"standard","meta":{"om_disable_all_campaigns":false,"_jetpack_memberships_contains_paid_content":false,"footnotes":""},"categories":[50,2,103],"tags":[197,696,33,19],"class_list":["post-111185","post","type-post","status-publish","format-standard","has-post-thumbnail","hentry","category-destacadas","category-locales","category-policiales-locales","tag-buenos-aires","tag-interes-general","tag-locales","tag-san-pedro"],"aioseo_notices":[],"gutentor_comment":0,"jetpack_featured_media_url":"https:\/\/eldiariodesanpedro.com.ar\/sitio\/wp-content\/uploads\/2022\/10\/1.jpg","jetpack_shortlink":"https:\/\/wp.me\/p6RhLt-sVj","jetpack_sharing_enabled":true,"_links":{"self":[{"href":"https:\/\/eldiariodesanpedro.com.ar\/sitio\/wp-json\/wp\/v2\/posts\/111185","targetHints":{"allow":["GET"]}}],"collection":[{"href":"https:\/\/eldiariodesanpedro.com.ar\/sitio\/wp-json\/wp\/v2\/posts"}],"about":[{"href":"https:\/\/eldiariodesanpedro.com.ar\/sitio\/wp-json\/wp\/v2\/types\/post"}],"author":[{"embeddable":true,"href":"https:\/\/eldiariodesanpedro.com.ar\/sitio\/wp-json\/wp\/v2\/users\/4"}],"replies":[{"embeddable":true,"href":"https:\/\/eldiariodesanpedro.com.ar\/sitio\/wp-json\/wp\/v2\/comments?post=111185"}],"version-history":[{"count":1,"href":"https:\/\/eldiariodesanpedro.com.ar\/sitio\/wp-json\/wp\/v2\/posts\/111185\/revisions"}],"predecessor-version":[{"id":111187,"href":"https:\/\/eldiariodesanpedro.com.ar\/sitio\/wp-json\/wp\/v2\/posts\/111185\/revisions\/111187"}],"wp:featuredmedia":[{"embeddable":true,"href":"https:\/\/eldiariodesanpedro.com.ar\/sitio\/wp-json\/wp\/v2\/media\/111186"}],"wp:attachment":[{"href":"https:\/\/eldiariodesanpedro.com.ar\/sitio\/wp-json\/wp\/v2\/media?parent=111185"}],"wp:term":[{"taxonomy":"category","embeddable":true,"href":"https:\/\/eldiariodesanpedro.com.ar\/sitio\/wp-json\/wp\/v2\/categories?post=111185"},{"taxonomy":"post_tag","embeddable":true,"href":"https:\/\/eldiariodesanpedro.com.ar\/sitio\/wp-json\/wp\/v2\/tags?post=111185"}],"curies":[{"name":"wp","href":"https:\/\/api.w.org\/{rel}","templated":true}]}}