{"id":111177,"date":"2022-10-03T10:21:58","date_gmt":"2022-10-03T13:21:58","guid":{"rendered":"https:\/\/eldiariodesanpedro.com.ar\/sitio\/?p=111177"},"modified":"2022-10-03T10:21:59","modified_gmt":"2022-10-03T13:21:59","slug":"san-pedro-en-el-regreso-de-la-fit","status":"publish","type":"post","link":"https:\/\/eldiariodesanpedro.com.ar\/sitio\/san-pedro-en-el-regreso-de-la-fit\/","title":{"rendered":"San Pedro en el regreso de la FIT"},"content":{"rendered":"<!-- VideographyWP Plugin Message: Automatic video embedding prevented by plugin options. -->\n\n<p>La Secretar\u00eda de Turismo y Cultura de San Pedro est\u00e1 presente en el stand de la Provincia de Buenos Aires que recibi\u00f3 miles de visitantes este s\u00e1bado y domingo en las dos jornadas abiertas al p\u00fablico en la 26\u00b0 edici\u00f3n de la Feria Internacional de Turismo de Am\u00e9rica Latina (FIT), el mayor encuentro del sector en la regi\u00f3n y uno de los m\u00e1s relevantes a nivel global.<\/p>\n\n\n\n<p>El evento comenz\u00f3 el s\u00e1bado y contin\u00faa este lunes y martes con charlas y rondas de negocios en el predio de La Rural con la participaci\u00f3n de las 23 provincias argentinas, la ciudad anfitriona y 52 pa\u00edses.<\/p>\n\n\n\n<p>Luego de la apertura con autoridades nacionales y provinciales, comenzaron las actividades en cada uno de los stands y San Pedro se prepar\u00f3 para ofrecer en el lugar informaci\u00f3n, folleter\u00eda y promoci\u00f3n de los atractivos naturales, hist\u00f3ricos y estrat\u00e9gicos como destino para cortas y medianas estad\u00edas.<\/p>\n\n\n\n<p>Durante la tarde del domingo estuvo presente el Intendente Dr. Ram\u00f3n Salazar acompa\u00f1ando a los sampedrinos que atienden a los visitantes de la feria en el stand de nuestra ciudad y comparti\u00f3 un encuentro junto a la secretaria de Turismo y Cultura, Marcela Cu\u00f1er con la Subsecretaria de Turismo de la provincia de Buenos Aires, Soledad Mart\u00ednez.<\/p>\n\n\n\n<p>Como es habitual se realizaron degustaciones, charlas y encuentros con operadores de diferentes niveles, empresarios y funcionarios con el objetivo de seguir posicionando la regi\u00f3n en la reactivaci\u00f3n del turismo como un gran generador de fuentes de trabajo y actividad econ\u00f3mica. Pasaron por el escenario de la feria los cantantes Daniel Cabrera y Marcelo Salom\u00f3n y los bailarines Daniel Toledo, director del Ballet Coraz\u00f3n de mi Pueblo y Renacer Criollo, junto a Liliana Gonz\u00e1lez y Agust\u00edn Rivarola, director del Ballet Pampa y R\u00edo, junto a Mar\u00eda Victoria L\u00f3pez.<\/p>\n\n\n\n<p>Adem\u00e1s, el Ministro de Turismo y Deportes de la Naci\u00f3n, Mat\u00edas Lammens en su recorrida por la feria visit\u00f3 el stand de San Pedro junto al presidente de la C\u00e1mara Argentina de Turismo, Gustavo Hani.<\/p>\n\n\n\n<figure class=\"wp-block-image size-full\"><img decoding=\"async\" width=\"945\" height=\"630\" data-attachment-id=\"111183\" data-permalink=\"https:\/\/eldiariodesanpedro.com.ar\/sitio\/san-pedro-en-el-regreso-de-la-fit\/whatsapp-image-2022-10-03-at-10-00-19\/\" data-orig-file=\"https:\/\/eldiariodesanpedro.com.ar\/sitio\/wp-content\/uploads\/2022\/10\/WhatsApp-Image-2022-10-03-at-10.00.19.jpeg\" data-orig-size=\"945,630\" data-comments-opened=\"0\" data-image-meta=\"{&quot;aperture&quot;:&quot;0&quot;,&quot;credit&quot;:&quot;&quot;,&quot;camera&quot;:&quot;&quot;,&quot;caption&quot;:&quot;&quot;,&quot;created_timestamp&quot;:&quot;0&quot;,&quot;copyright&quot;:&quot;&quot;,&quot;focal_length&quot;:&quot;0&quot;,&quot;iso&quot;:&quot;0&quot;,&quot;shutter_speed&quot;:&quot;0&quot;,&quot;title&quot;:&quot;&quot;,&quot;orientation&quot;:&quot;0&quot;}\" data-image-title=\"WhatsApp Image 2022-10-03 at 10.00.19\" data-image-description=\"\" data-image-caption=\"\" data-large-file=\"https:\/\/eldiariodesanpedro.com.ar\/sitio\/wp-content\/uploads\/2022\/10\/WhatsApp-Image-2022-10-03-at-10.00.19.jpeg\" data-src=\"https:\/\/eldiariodesanpedro.com.ar\/sitio\/wp-content\/uploads\/2022\/10\/WhatsApp-Image-2022-10-03-at-10.00.19.jpeg\" alt=\"\" class=\"wp-image-111183 lazyload\" data-srcset=\"https:\/\/eldiariodesanpedro.com.ar\/sitio\/wp-content\/uploads\/2022\/10\/WhatsApp-Image-2022-10-03-at-10.00.19.jpeg 945w, https:\/\/eldiariodesanpedro.com.ar\/sitio\/wp-content\/uploads\/2022\/10\/WhatsApp-Image-2022-10-03-at-10.00.19-300x200.jpeg 300w, https:\/\/eldiariodesanpedro.com.ar\/sitio\/wp-content\/uploads\/2022\/10\/WhatsApp-Image-2022-10-03-at-10.00.19-768x512.jpeg 768w\" data-sizes=\"(max-width: 945px) 100vw, 945px\" src=\"data:image\/svg+xml;base64,PHN2ZyB3aWR0aD0iMSIgaGVpZ2h0PSIxIiB4bWxucz0iaHR0cDovL3d3dy53My5vcmcvMjAwMC9zdmciPjwvc3ZnPg==\" style=\"--smush-placeholder-width: 945px; --smush-placeholder-aspect-ratio: 945\/630;\" \/><\/figure>\n\n\n\n<figure class=\"wp-block-image size-full\"><img decoding=\"async\" width=\"944\" height=\"630\" data-attachment-id=\"111178\" data-permalink=\"https:\/\/eldiariodesanpedro.com.ar\/sitio\/san-pedro-en-el-regreso-de-la-fit\/whatsapp-image-2022-10-03-at-10-00-14\/\" data-orig-file=\"https:\/\/eldiariodesanpedro.com.ar\/sitio\/wp-content\/uploads\/2022\/10\/WhatsApp-Image-2022-10-03-at-10.00.14.jpeg\" data-orig-size=\"944,630\" data-comments-opened=\"0\" data-image-meta=\"{&quot;aperture&quot;:&quot;0&quot;,&quot;credit&quot;:&quot;&quot;,&quot;camera&quot;:&quot;&quot;,&quot;caption&quot;:&quot;&quot;,&quot;created_timestamp&quot;:&quot;0&quot;,&quot;copyright&quot;:&quot;&quot;,&quot;focal_length&quot;:&quot;0&quot;,&quot;iso&quot;:&quot;0&quot;,&quot;shutter_speed&quot;:&quot;0&quot;,&quot;title&quot;:&quot;&quot;,&quot;orientation&quot;:&quot;0&quot;}\" data-image-title=\"WhatsApp Image 2022-10-03 at 10.00.14\" data-image-description=\"\" data-image-caption=\"\" data-large-file=\"https:\/\/eldiariodesanpedro.com.ar\/sitio\/wp-content\/uploads\/2022\/10\/WhatsApp-Image-2022-10-03-at-10.00.14.jpeg\" data-src=\"https:\/\/eldiariodesanpedro.com.ar\/sitio\/wp-content\/uploads\/2022\/10\/WhatsApp-Image-2022-10-03-at-10.00.14.jpeg\" alt=\"\" class=\"wp-image-111178 lazyload\" data-srcset=\"https:\/\/eldiariodesanpedro.com.ar\/sitio\/wp-content\/uploads\/2022\/10\/WhatsApp-Image-2022-10-03-at-10.00.14.jpeg 944w, https:\/\/eldiariodesanpedro.com.ar\/sitio\/wp-content\/uploads\/2022\/10\/WhatsApp-Image-2022-10-03-at-10.00.14-300x200.jpeg 300w, https:\/\/eldiariodesanpedro.com.ar\/sitio\/wp-content\/uploads\/2022\/10\/WhatsApp-Image-2022-10-03-at-10.00.14-768x513.jpeg 768w\" data-sizes=\"(max-width: 944px) 100vw, 944px\" src=\"data:image\/svg+xml;base64,PHN2ZyB3aWR0aD0iMSIgaGVpZ2h0PSIxIiB4bWxucz0iaHR0cDovL3d3dy53My5vcmcvMjAwMC9zdmciPjwvc3ZnPg==\" style=\"--smush-placeholder-width: 944px; --smush-placeholder-aspect-ratio: 944\/630;\" \/><\/figure>\n\n\n\n<figure class=\"wp-block-image size-full\"><img decoding=\"async\" width=\"945\" height=\"630\" data-attachment-id=\"111182\" data-permalink=\"https:\/\/eldiariodesanpedro.com.ar\/sitio\/san-pedro-en-el-regreso-de-la-fit\/whatsapp-image-2022-10-03-at-10-00-18\/\" data-orig-file=\"https:\/\/eldiariodesanpedro.com.ar\/sitio\/wp-content\/uploads\/2022\/10\/WhatsApp-Image-2022-10-03-at-10.00.18.jpeg\" data-orig-size=\"945,630\" data-comments-opened=\"0\" data-image-meta=\"{&quot;aperture&quot;:&quot;0&quot;,&quot;credit&quot;:&quot;&quot;,&quot;camera&quot;:&quot;&quot;,&quot;caption&quot;:&quot;&quot;,&quot;created_timestamp&quot;:&quot;0&quot;,&quot;copyright&quot;:&quot;&quot;,&quot;focal_length&quot;:&quot;0&quot;,&quot;iso&quot;:&quot;0&quot;,&quot;shutter_speed&quot;:&quot;0&quot;,&quot;title&quot;:&quot;&quot;,&quot;orientation&quot;:&quot;0&quot;}\" data-image-title=\"WhatsApp Image 2022-10-03 at 10.00.18\" data-image-description=\"\" data-image-caption=\"\" data-large-file=\"https:\/\/eldiariodesanpedro.com.ar\/sitio\/wp-content\/uploads\/2022\/10\/WhatsApp-Image-2022-10-03-at-10.00.18.jpeg\" data-src=\"https:\/\/eldiariodesanpedro.com.ar\/sitio\/wp-content\/uploads\/2022\/10\/WhatsApp-Image-2022-10-03-at-10.00.18.jpeg\" alt=\"\" class=\"wp-image-111182 lazyload\" data-srcset=\"https:\/\/eldiariodesanpedro.com.ar\/sitio\/wp-content\/uploads\/2022\/10\/WhatsApp-Image-2022-10-03-at-10.00.18.jpeg 945w, https:\/\/eldiariodesanpedro.com.ar\/sitio\/wp-content\/uploads\/2022\/10\/WhatsApp-Image-2022-10-03-at-10.00.18-300x200.jpeg 300w, https:\/\/eldiariodesanpedro.com.ar\/sitio\/wp-content\/uploads\/2022\/10\/WhatsApp-Image-2022-10-03-at-10.00.18-768x512.jpeg 768w\" data-sizes=\"(max-width: 945px) 100vw, 945px\" src=\"data:image\/svg+xml;base64,PHN2ZyB3aWR0aD0iMSIgaGVpZ2h0PSIxIiB4bWxucz0iaHR0cDovL3d3dy53My5vcmcvMjAwMC9zdmciPjwvc3ZnPg==\" style=\"--smush-placeholder-width: 945px; --smush-placeholder-aspect-ratio: 945\/630;\" \/><\/figure>\n","protected":false},"excerpt":{"rendered":"<p>La Secretar\u00eda de Turismo y Cultura de San Pedro est\u00e1 presente en el stand de la Provincia de Buenos Aires que recibi\u00f3 miles de visitantes este s\u00e1bado y domingo en las dos jornadas abiertas al p\u00fablico en la 26\u00b0 edici\u00f3n de la Feria Internacional de Turismo de Am\u00e9rica Latina (FIT), el mayor encuentro del sector [&hellip;]<\/p>\n","protected":false},"author":4,"featured_media":111180,"comment_status":"closed","ping_status":"closed","sticky":false,"template":"","format":"standard","meta":{"om_disable_all_campaigns":false,"_jetpack_memberships_contains_paid_content":false,"footnotes":""},"categories":[50,101,2],"tags":[197,696,33,19],"class_list":["post-111177","post","type-post","status-publish","format-standard","has-post-thumbnail","hentry","category-destacadas","category-interes-general-locales","category-locales","tag-buenos-aires","tag-interes-general","tag-locales","tag-san-pedro"],"aioseo_notices":[],"gutentor_comment":0,"jetpack_featured_media_url":"https:\/\/eldiariodesanpedro.com.ar\/sitio\/wp-content\/uploads\/2022\/10\/WhatsApp-Image-2022-10-03-at-10.00.16.jpeg","jetpack_shortlink":"https:\/\/wp.me\/p6RhLt-sVb","jetpack_sharing_enabled":true,"_links":{"self":[{"href":"https:\/\/eldiariodesanpedro.com.ar\/sitio\/wp-json\/wp\/v2\/posts\/111177","targetHints":{"allow":["GET"]}}],"collection":[{"href":"https:\/\/eldiariodesanpedro.com.ar\/sitio\/wp-json\/wp\/v2\/posts"}],"about":[{"href":"https:\/\/eldiariodesanpedro.com.ar\/sitio\/wp-json\/wp\/v2\/types\/post"}],"author":[{"embeddable":true,"href":"https:\/\/eldiariodesanpedro.com.ar\/sitio\/wp-json\/wp\/v2\/users\/4"}],"replies":[{"embeddable":true,"href":"https:\/\/eldiariodesanpedro.com.ar\/sitio\/wp-json\/wp\/v2\/comments?post=111177"}],"version-history":[{"count":1,"href":"https:\/\/eldiariodesanpedro.com.ar\/sitio\/wp-json\/wp\/v2\/posts\/111177\/revisions"}],"predecessor-version":[{"id":111184,"href":"https:\/\/eldiariodesanpedro.com.ar\/sitio\/wp-json\/wp\/v2\/posts\/111177\/revisions\/111184"}],"wp:featuredmedia":[{"embeddable":true,"href":"https:\/\/eldiariodesanpedro.com.ar\/sitio\/wp-json\/wp\/v2\/media\/111180"}],"wp:attachment":[{"href":"https:\/\/eldiariodesanpedro.com.ar\/sitio\/wp-json\/wp\/v2\/media?parent=111177"}],"wp:term":[{"taxonomy":"category","embeddable":true,"href":"https:\/\/eldiariodesanpedro.com.ar\/sitio\/wp-json\/wp\/v2\/categories?post=111177"},{"taxonomy":"post_tag","embeddable":true,"href":"https:\/\/eldiariodesanpedro.com.ar\/sitio\/wp-json\/wp\/v2\/tags?post=111177"}],"curies":[{"name":"wp","href":"https:\/\/api.w.org\/{rel}","templated":true}]}}