{"id":111172,"date":"2022-10-03T10:16:28","date_gmt":"2022-10-03T13:16:28","guid":{"rendered":"https:\/\/eldiariodesanpedro.com.ar\/sitio\/?p=111172"},"modified":"2022-10-03T10:16:29","modified_gmt":"2022-10-03T13:16:29","slug":"inicio-este-sabado-la-campana-nacional-de-vacunacion-2022","status":"publish","type":"post","link":"https:\/\/eldiariodesanpedro.com.ar\/sitio\/inicio-este-sabado-la-campana-nacional-de-vacunacion-2022\/","title":{"rendered":"Inici\u00f3 este s\u00e1bado la Campa\u00f1a Nacional de Vacunaci\u00f3n 2022"},"content":{"rendered":"<!-- VideographyWP Plugin Message: Automatic video embedding prevented by plugin options. -->\n\n<p>Est\u00e1 en marcha la Campa\u00f1a Nacional de Vacunaci\u00f3n contra Sarampi\u00f3n, Rub\u00e9ola, Paperas y Poliomielitis que se desarrollar\u00e1 desde el 1 de octubre al 13 de noviembre.<\/p>\n\n\n\n<p>Este s\u00e1bado en Plaza Constituci\u00f3n se llev\u00f3 a cabo la primera actividad de la campa\u00f1a 2022 organizada por la Secretar\u00eda de Salud de la Municipalidad de San Pedro donde se aplicaron 240 dosis.<\/p>\n\n\n\n<p>Recordamos que todas las ni\u00f1as y todos los ni\u00f1os de 13 meses a 4 a\u00f1os inclusive deben recibir una dosis adicional, gratuita y obligatoria de las vacunas Triple Viral (contra sarampi\u00f3n, rub\u00e9ola y paperas) e IPV (contra poliomielitis), m\u00e1s all\u00e1 de las dosis recibidas previamente.<\/p>\n\n\n\n<p>Se continuar\u00e1n llevando adelante jornadas de vacunaci\u00f3n en diferentes instituciones educativas y puntos especiales que se informar\u00e1n diariamente, adem\u00e1s se podr\u00e1n vacunar en el Hospital Municipal Emilio Ruffa, Hospitales de las localidades y los Centros de Salud.<\/p>\n\n\n\n<figure class=\"wp-block-image size-large\"><img decoding=\"async\" width=\"1024\" height=\"575\" data-attachment-id=\"111174\" data-permalink=\"https:\/\/eldiariodesanpedro.com.ar\/sitio\/inicio-este-sabado-la-campana-nacional-de-vacunacion-2022\/whatsapp-image-2022-10-02-at-11-53-43\/\" data-orig-file=\"https:\/\/eldiariodesanpedro.com.ar\/sitio\/wp-content\/uploads\/2022\/10\/WhatsApp-Image-2022-10-02-at-11.53.43.jpeg\" data-orig-size=\"1122,630\" data-comments-opened=\"0\" data-image-meta=\"{&quot;aperture&quot;:&quot;0&quot;,&quot;credit&quot;:&quot;&quot;,&quot;camera&quot;:&quot;&quot;,&quot;caption&quot;:&quot;&quot;,&quot;created_timestamp&quot;:&quot;0&quot;,&quot;copyright&quot;:&quot;&quot;,&quot;focal_length&quot;:&quot;0&quot;,&quot;iso&quot;:&quot;0&quot;,&quot;shutter_speed&quot;:&quot;0&quot;,&quot;title&quot;:&quot;&quot;,&quot;orientation&quot;:&quot;0&quot;}\" data-image-title=\"WhatsApp Image 2022-10-02 at 11.53.43\" data-image-description=\"\" data-image-caption=\"\" data-large-file=\"https:\/\/eldiariodesanpedro.com.ar\/sitio\/wp-content\/uploads\/2022\/10\/WhatsApp-Image-2022-10-02-at-11.53.43-1024x575.jpeg\" data-src=\"https:\/\/eldiariodesanpedro.com.ar\/sitio\/wp-content\/uploads\/2022\/10\/WhatsApp-Image-2022-10-02-at-11.53.43-1024x575.jpeg\" alt=\"\" class=\"wp-image-111174 lazyload\" data-srcset=\"https:\/\/eldiariodesanpedro.com.ar\/sitio\/wp-content\/uploads\/2022\/10\/WhatsApp-Image-2022-10-02-at-11.53.43-1024x575.jpeg 1024w, https:\/\/eldiariodesanpedro.com.ar\/sitio\/wp-content\/uploads\/2022\/10\/WhatsApp-Image-2022-10-02-at-11.53.43-300x168.jpeg 300w, https:\/\/eldiariodesanpedro.com.ar\/sitio\/wp-content\/uploads\/2022\/10\/WhatsApp-Image-2022-10-02-at-11.53.43-768x431.jpeg 768w, https:\/\/eldiariodesanpedro.com.ar\/sitio\/wp-content\/uploads\/2022\/10\/WhatsApp-Image-2022-10-02-at-11.53.43.jpeg 1122w\" data-sizes=\"(max-width: 1024px) 100vw, 1024px\" src=\"data:image\/svg+xml;base64,PHN2ZyB3aWR0aD0iMSIgaGVpZ2h0PSIxIiB4bWxucz0iaHR0cDovL3d3dy53My5vcmcvMjAwMC9zdmciPjwvc3ZnPg==\" style=\"--smush-placeholder-width: 1024px; --smush-placeholder-aspect-ratio: 1024\/575;\" \/><\/figure>\n\n\n\n<figure class=\"wp-block-image size-large\"><img decoding=\"async\" width=\"1024\" height=\"575\" data-attachment-id=\"111175\" data-permalink=\"https:\/\/eldiariodesanpedro.com.ar\/sitio\/inicio-este-sabado-la-campana-nacional-de-vacunacion-2022\/whatsapp-image-2022-10-02-at-11-53-44\/\" data-orig-file=\"https:\/\/eldiariodesanpedro.com.ar\/sitio\/wp-content\/uploads\/2022\/10\/WhatsApp-Image-2022-10-02-at-11.53.44.jpeg\" data-orig-size=\"1122,630\" data-comments-opened=\"0\" data-image-meta=\"{&quot;aperture&quot;:&quot;0&quot;,&quot;credit&quot;:&quot;&quot;,&quot;camera&quot;:&quot;&quot;,&quot;caption&quot;:&quot;&quot;,&quot;created_timestamp&quot;:&quot;0&quot;,&quot;copyright&quot;:&quot;&quot;,&quot;focal_length&quot;:&quot;0&quot;,&quot;iso&quot;:&quot;0&quot;,&quot;shutter_speed&quot;:&quot;0&quot;,&quot;title&quot;:&quot;&quot;,&quot;orientation&quot;:&quot;0&quot;}\" data-image-title=\"WhatsApp Image 2022-10-02 at 11.53.44\" data-image-description=\"\" data-image-caption=\"\" data-large-file=\"https:\/\/eldiariodesanpedro.com.ar\/sitio\/wp-content\/uploads\/2022\/10\/WhatsApp-Image-2022-10-02-at-11.53.44-1024x575.jpeg\" data-src=\"https:\/\/eldiariodesanpedro.com.ar\/sitio\/wp-content\/uploads\/2022\/10\/WhatsApp-Image-2022-10-02-at-11.53.44-1024x575.jpeg\" alt=\"\" class=\"wp-image-111175 lazyload\" data-srcset=\"https:\/\/eldiariodesanpedro.com.ar\/sitio\/wp-content\/uploads\/2022\/10\/WhatsApp-Image-2022-10-02-at-11.53.44-1024x575.jpeg 1024w, https:\/\/eldiariodesanpedro.com.ar\/sitio\/wp-content\/uploads\/2022\/10\/WhatsApp-Image-2022-10-02-at-11.53.44-300x168.jpeg 300w, https:\/\/eldiariodesanpedro.com.ar\/sitio\/wp-content\/uploads\/2022\/10\/WhatsApp-Image-2022-10-02-at-11.53.44-768x431.jpeg 768w, https:\/\/eldiariodesanpedro.com.ar\/sitio\/wp-content\/uploads\/2022\/10\/WhatsApp-Image-2022-10-02-at-11.53.44.jpeg 1122w\" data-sizes=\"(max-width: 1024px) 100vw, 1024px\" src=\"data:image\/svg+xml;base64,PHN2ZyB3aWR0aD0iMSIgaGVpZ2h0PSIxIiB4bWxucz0iaHR0cDovL3d3dy53My5vcmcvMjAwMC9zdmciPjwvc3ZnPg==\" style=\"--smush-placeholder-width: 1024px; --smush-placeholder-aspect-ratio: 1024\/575;\" \/><\/figure>\n","protected":false},"excerpt":{"rendered":"<p>Est\u00e1 en marcha la Campa\u00f1a Nacional de Vacunaci\u00f3n contra Sarampi\u00f3n, Rub\u00e9ola, Paperas y Poliomielitis que se desarrollar\u00e1 desde el 1 de octubre al 13 de noviembre. Este s\u00e1bado en Plaza Constituci\u00f3n se llev\u00f3 a cabo la primera actividad de la campa\u00f1a 2022 organizada por la Secretar\u00eda de Salud de la Municipalidad de San Pedro donde [&hellip;]<\/p>\n","protected":false},"author":4,"featured_media":111173,"comment_status":"closed","ping_status":"closed","sticky":false,"template":"","format":"standard","meta":{"om_disable_all_campaigns":false,"_jetpack_memberships_contains_paid_content":false,"footnotes":""},"categories":[50,101,2],"tags":[197,696,33,19],"class_list":["post-111172","post","type-post","status-publish","format-standard","has-post-thumbnail","hentry","category-destacadas","category-interes-general-locales","category-locales","tag-buenos-aires","tag-interes-general","tag-locales","tag-san-pedro"],"aioseo_notices":[],"gutentor_comment":0,"jetpack_featured_media_url":"https:\/\/eldiariodesanpedro.com.ar\/sitio\/wp-content\/uploads\/2022\/10\/WhatsApp-Image-2022-10-02-at-11.53.42.jpeg","jetpack_shortlink":"https:\/\/wp.me\/p6RhLt-sV6","jetpack_sharing_enabled":true,"_links":{"self":[{"href":"https:\/\/eldiariodesanpedro.com.ar\/sitio\/wp-json\/wp\/v2\/posts\/111172","targetHints":{"allow":["GET"]}}],"collection":[{"href":"https:\/\/eldiariodesanpedro.com.ar\/sitio\/wp-json\/wp\/v2\/posts"}],"about":[{"href":"https:\/\/eldiariodesanpedro.com.ar\/sitio\/wp-json\/wp\/v2\/types\/post"}],"author":[{"embeddable":true,"href":"https:\/\/eldiariodesanpedro.com.ar\/sitio\/wp-json\/wp\/v2\/users\/4"}],"replies":[{"embeddable":true,"href":"https:\/\/eldiariodesanpedro.com.ar\/sitio\/wp-json\/wp\/v2\/comments?post=111172"}],"version-history":[{"count":1,"href":"https:\/\/eldiariodesanpedro.com.ar\/sitio\/wp-json\/wp\/v2\/posts\/111172\/revisions"}],"predecessor-version":[{"id":111176,"href":"https:\/\/eldiariodesanpedro.com.ar\/sitio\/wp-json\/wp\/v2\/posts\/111172\/revisions\/111176"}],"wp:featuredmedia":[{"embeddable":true,"href":"https:\/\/eldiariodesanpedro.com.ar\/sitio\/wp-json\/wp\/v2\/media\/111173"}],"wp:attachment":[{"href":"https:\/\/eldiariodesanpedro.com.ar\/sitio\/wp-json\/wp\/v2\/media?parent=111172"}],"wp:term":[{"taxonomy":"category","embeddable":true,"href":"https:\/\/eldiariodesanpedro.com.ar\/sitio\/wp-json\/wp\/v2\/categories?post=111172"},{"taxonomy":"post_tag","embeddable":true,"href":"https:\/\/eldiariodesanpedro.com.ar\/sitio\/wp-json\/wp\/v2\/tags?post=111172"}],"curies":[{"name":"wp","href":"https:\/\/api.w.org\/{rel}","templated":true}]}}