{"id":111155,"date":"2022-10-03T09:54:34","date_gmt":"2022-10-03T12:54:34","guid":{"rendered":"https:\/\/eldiariodesanpedro.com.ar\/sitio\/?p=111155"},"modified":"2022-10-03T09:54:35","modified_gmt":"2022-10-03T12:54:35","slug":"despedida-de-la-delegacion-sampedrina-en-su-partida-rumbo-a-los-juegos-bonaerenses","status":"publish","type":"post","link":"https:\/\/eldiariodesanpedro.com.ar\/sitio\/despedida-de-la-delegacion-sampedrina-en-su-partida-rumbo-a-los-juegos-bonaerenses\/","title":{"rendered":"Despedida de la delegaci\u00f3n sampedrina en su partida rumbo a los Juegos Bonaerenses"},"content":{"rendered":"<!-- VideographyWP Plugin Message: Automatic video embedding prevented by plugin options. -->\n\n<p>En la medianoche del viernes parti\u00f3 rumbo a Mar del Plata la delegaci\u00f3n sampedrina que nos representar\u00e1 en la etapa final de la 31\u00b0 edici\u00f3n de los Juegos Bonaerenses 2022 que se llevar\u00e1 a cabo del 1 al 6 de octubre en la ciudad de Mar del Plata. A partir del domingo comenzar\u00e1n a desempe\u00f1arse en las diferentes disciplinas, coronando el esfuerzo realizado tanto en la etapa local como regional, con el acompa\u00f1amiento pleno de la Direcci\u00f3n de Deportes de la Municipalidad de San Pedro.<\/p>\n\n\n\n<p>La representaci\u00f3n sampedrina est\u00e1 encabezada por el Director de Deportes, Mariano Arnal y viajan 245 participantes, 56 personas entre entrenadores, asistentes y delegados, 2 m\u00e9dicos y 1 kinesi\u00f3logo.<\/p>\n\n\n\n<p>A trav\u00e9s de las redes sociales de la Direcci\u00f3n de Deportes y de las oficiales de la Municipalidad iremos compartiendo las novedades desde el desfile inaugural hasta el cierre.<\/p>\n\n\n\n<p>El Intendente Municipal Ram\u00f3n Salazar y funcionarios del gobierno participaron junto a los familiares de la despedida en las puertas del Palacio Municipal.<\/p>\n\n\n\n<figure class=\"wp-block-image size-full\"><img decoding=\"async\" width=\"945\" height=\"630\" data-attachment-id=\"111157\" data-permalink=\"https:\/\/eldiariodesanpedro.com.ar\/sitio\/despedida-de-la-delegacion-sampedrina-en-su-partida-rumbo-a-los-juegos-bonaerenses\/whatsapp-image-2022-10-01-at-13-32-21-1\/\" data-orig-file=\"https:\/\/eldiariodesanpedro.com.ar\/sitio\/wp-content\/uploads\/2022\/10\/WhatsApp-Image-2022-10-01-at-13.32.21-1.jpeg\" data-orig-size=\"945,630\" data-comments-opened=\"0\" data-image-meta=\"{&quot;aperture&quot;:&quot;0&quot;,&quot;credit&quot;:&quot;&quot;,&quot;camera&quot;:&quot;&quot;,&quot;caption&quot;:&quot;&quot;,&quot;created_timestamp&quot;:&quot;0&quot;,&quot;copyright&quot;:&quot;&quot;,&quot;focal_length&quot;:&quot;0&quot;,&quot;iso&quot;:&quot;0&quot;,&quot;shutter_speed&quot;:&quot;0&quot;,&quot;title&quot;:&quot;&quot;,&quot;orientation&quot;:&quot;0&quot;}\" data-image-title=\"WhatsApp Image 2022-10-01 at 13.32.21 1\" data-image-description=\"\" data-image-caption=\"\" data-large-file=\"https:\/\/eldiariodesanpedro.com.ar\/sitio\/wp-content\/uploads\/2022\/10\/WhatsApp-Image-2022-10-01-at-13.32.21-1.jpeg\" data-src=\"https:\/\/eldiariodesanpedro.com.ar\/sitio\/wp-content\/uploads\/2022\/10\/WhatsApp-Image-2022-10-01-at-13.32.21-1.jpeg\" alt=\"\" class=\"wp-image-111157 lazyload\" data-srcset=\"https:\/\/eldiariodesanpedro.com.ar\/sitio\/wp-content\/uploads\/2022\/10\/WhatsApp-Image-2022-10-01-at-13.32.21-1.jpeg 945w, https:\/\/eldiariodesanpedro.com.ar\/sitio\/wp-content\/uploads\/2022\/10\/WhatsApp-Image-2022-10-01-at-13.32.21-1-300x200.jpeg 300w, https:\/\/eldiariodesanpedro.com.ar\/sitio\/wp-content\/uploads\/2022\/10\/WhatsApp-Image-2022-10-01-at-13.32.21-1-768x512.jpeg 768w\" data-sizes=\"(max-width: 945px) 100vw, 945px\" src=\"data:image\/svg+xml;base64,PHN2ZyB3aWR0aD0iMSIgaGVpZ2h0PSIxIiB4bWxucz0iaHR0cDovL3d3dy53My5vcmcvMjAwMC9zdmciPjwvc3ZnPg==\" style=\"--smush-placeholder-width: 945px; --smush-placeholder-aspect-ratio: 945\/630;\" \/><\/figure>\n\n\n\n<figure class=\"wp-block-image size-full\"><img decoding=\"async\" width=\"945\" height=\"630\" data-attachment-id=\"111158\" data-permalink=\"https:\/\/eldiariodesanpedro.com.ar\/sitio\/despedida-de-la-delegacion-sampedrina-en-su-partida-rumbo-a-los-juegos-bonaerenses\/whatsapp-image-2022-10-01-at-13-32-21\/\" data-orig-file=\"https:\/\/eldiariodesanpedro.com.ar\/sitio\/wp-content\/uploads\/2022\/10\/WhatsApp-Image-2022-10-01-at-13.32.21.jpeg\" data-orig-size=\"945,630\" data-comments-opened=\"0\" data-image-meta=\"{&quot;aperture&quot;:&quot;0&quot;,&quot;credit&quot;:&quot;&quot;,&quot;camera&quot;:&quot;&quot;,&quot;caption&quot;:&quot;&quot;,&quot;created_timestamp&quot;:&quot;0&quot;,&quot;copyright&quot;:&quot;&quot;,&quot;focal_length&quot;:&quot;0&quot;,&quot;iso&quot;:&quot;0&quot;,&quot;shutter_speed&quot;:&quot;0&quot;,&quot;title&quot;:&quot;&quot;,&quot;orientation&quot;:&quot;0&quot;}\" data-image-title=\"WhatsApp Image 2022-10-01 at 13.32.21\" data-image-description=\"\" data-image-caption=\"\" data-large-file=\"https:\/\/eldiariodesanpedro.com.ar\/sitio\/wp-content\/uploads\/2022\/10\/WhatsApp-Image-2022-10-01-at-13.32.21.jpeg\" data-src=\"https:\/\/eldiariodesanpedro.com.ar\/sitio\/wp-content\/uploads\/2022\/10\/WhatsApp-Image-2022-10-01-at-13.32.21.jpeg\" alt=\"\" class=\"wp-image-111158 lazyload\" data-srcset=\"https:\/\/eldiariodesanpedro.com.ar\/sitio\/wp-content\/uploads\/2022\/10\/WhatsApp-Image-2022-10-01-at-13.32.21.jpeg 945w, https:\/\/eldiariodesanpedro.com.ar\/sitio\/wp-content\/uploads\/2022\/10\/WhatsApp-Image-2022-10-01-at-13.32.21-300x200.jpeg 300w, https:\/\/eldiariodesanpedro.com.ar\/sitio\/wp-content\/uploads\/2022\/10\/WhatsApp-Image-2022-10-01-at-13.32.21-768x512.jpeg 768w\" data-sizes=\"(max-width: 945px) 100vw, 945px\" src=\"data:image\/svg+xml;base64,PHN2ZyB3aWR0aD0iMSIgaGVpZ2h0PSIxIiB4bWxucz0iaHR0cDovL3d3dy53My5vcmcvMjAwMC9zdmciPjwvc3ZnPg==\" style=\"--smush-placeholder-width: 945px; --smush-placeholder-aspect-ratio: 945\/630;\" \/><\/figure>\n","protected":false},"excerpt":{"rendered":"<p>En la medianoche del viernes parti\u00f3 rumbo a Mar del Plata la delegaci\u00f3n sampedrina que nos representar\u00e1 en la etapa final de la 31\u00b0 edici\u00f3n de los Juegos Bonaerenses 2022 que se llevar\u00e1 a cabo del 1 al 6 de octubre en la ciudad de Mar del Plata. A partir del domingo comenzar\u00e1n a desempe\u00f1arse [&hellip;]<\/p>\n","protected":false},"author":4,"featured_media":111156,"comment_status":"closed","ping_status":"closed","sticky":false,"template":"","format":"standard","meta":{"om_disable_all_campaigns":false,"_jetpack_memberships_contains_paid_content":false,"footnotes":""},"categories":[101,2],"tags":[197,696,33,19],"class_list":["post-111155","post","type-post","status-publish","format-standard","has-post-thumbnail","hentry","category-interes-general-locales","category-locales","tag-buenos-aires","tag-interes-general","tag-locales","tag-san-pedro"],"aioseo_notices":[],"gutentor_comment":0,"jetpack_featured_media_url":"https:\/\/eldiariodesanpedro.com.ar\/sitio\/wp-content\/uploads\/2022\/10\/WhatsApp-Image-2022-10-01-at-13.32.19.jpeg","jetpack_shortlink":"https:\/\/wp.me\/p6RhLt-sUP","jetpack_sharing_enabled":true,"_links":{"self":[{"href":"https:\/\/eldiariodesanpedro.com.ar\/sitio\/wp-json\/wp\/v2\/posts\/111155","targetHints":{"allow":["GET"]}}],"collection":[{"href":"https:\/\/eldiariodesanpedro.com.ar\/sitio\/wp-json\/wp\/v2\/posts"}],"about":[{"href":"https:\/\/eldiariodesanpedro.com.ar\/sitio\/wp-json\/wp\/v2\/types\/post"}],"author":[{"embeddable":true,"href":"https:\/\/eldiariodesanpedro.com.ar\/sitio\/wp-json\/wp\/v2\/users\/4"}],"replies":[{"embeddable":true,"href":"https:\/\/eldiariodesanpedro.com.ar\/sitio\/wp-json\/wp\/v2\/comments?post=111155"}],"version-history":[{"count":1,"href":"https:\/\/eldiariodesanpedro.com.ar\/sitio\/wp-json\/wp\/v2\/posts\/111155\/revisions"}],"predecessor-version":[{"id":111159,"href":"https:\/\/eldiariodesanpedro.com.ar\/sitio\/wp-json\/wp\/v2\/posts\/111155\/revisions\/111159"}],"wp:featuredmedia":[{"embeddable":true,"href":"https:\/\/eldiariodesanpedro.com.ar\/sitio\/wp-json\/wp\/v2\/media\/111156"}],"wp:attachment":[{"href":"https:\/\/eldiariodesanpedro.com.ar\/sitio\/wp-json\/wp\/v2\/media?parent=111155"}],"wp:term":[{"taxonomy":"category","embeddable":true,"href":"https:\/\/eldiariodesanpedro.com.ar\/sitio\/wp-json\/wp\/v2\/categories?post=111155"},{"taxonomy":"post_tag","embeddable":true,"href":"https:\/\/eldiariodesanpedro.com.ar\/sitio\/wp-json\/wp\/v2\/tags?post=111155"}],"curies":[{"name":"wp","href":"https:\/\/api.w.org\/{rel}","templated":true}]}}