{"id":111146,"date":"2022-10-03T09:44:06","date_gmt":"2022-10-03T12:44:06","guid":{"rendered":"https:\/\/eldiariodesanpedro.com.ar\/sitio\/?p=111146"},"modified":"2022-10-03T09:44:08","modified_gmt":"2022-10-03T12:44:08","slug":"martin-fierro-de-radio-lalo-mir-fue-el-gran-ganador-de-la-noche","status":"publish","type":"post","link":"https:\/\/eldiariodesanpedro.com.ar\/sitio\/martin-fierro-de-radio-lalo-mir-fue-el-gran-ganador-de-la-noche\/","title":{"rendered":"Mart\u00edn Fierro de radio: Lalo Mir fue el gran ganador de la noche"},"content":{"rendered":"<!-- VideographyWP Plugin Message: Automatic video embedding prevented by plugin options. -->\n\n<p>La tradicional fiesta de APTRA se realiz\u00f3 en el Golden Center de Parque Norte y contempl\u00f3 las temporadas 2019, 2020 y 2021. Lalo Mir se llev\u00f3 el de oro al igual que Guido Kaczka y Alejandro Dolina.<\/p>\n\n\n\n<p>En&nbsp;el Golden Center de Parque Norte la Asociaci\u00f3n de Periodistas de la Televisi\u00f3n y Radiofon\u00eda Argentina (APTRA) entrega los Mart\u00edn Fierro a los \u00faltimos tres a\u00f1os de la radio (2019, 2020 y 2021).&nbsp;<\/p>\n\n\n\n<p>A lo largo de la velada se entregar\u00e1n tres estatuillas de oro, tres homenajes especiales y reconocimientos a la trayectoria de figuras de la radiofon\u00eda nacional, en especial a&nbsp;Cacho Fontana&nbsp;y&nbsp;Magdalena Ruiz Gui\u00f1az\u00fa.&nbsp;<\/p>\n\n\n\n<p>El locutor y conductor sampedrino Lalo Mir fue uno de los grandes ganadores de la noche al adjudicarse el premio al&nbsp;<strong>Mejor labor en locuci\u00f3n (2021) por su labor en Radio Nacional.<\/strong><\/p>\n\n\n\n<p>A la vez fue elegido como el mejor de todos a la tarea&nbsp;correspondiente al 2021. \u201cSoy como el abuelo de todos ustedes. Esta vez me tocaba\u201d, se\u00f1al\u00f3 el Animal de radio y elogi\u00f3 al medio al que le dedic\u00f3 casi 50 a\u00f1os de su vida. \u201cCuando se apague todo la radio es la resistencia. Pero debemos cuidarlo como seres humanos. M\u00e1s comunicaci\u00f3n, m\u00e1s acuerdo y menos violencia\u201d, se\u00f1al\u00f3.<\/p>\n\n\n\n<p>Por su parte Fernando Bravo gan\u00f3 el Mart\u00edn Fierro en el rubro\u00a0<strong>Mejor programa vespertino\/nocturno diario del a\u00f1o 2020 con su producto B<em>ravo continental.<\/em><\/strong><\/p>\n","protected":false},"excerpt":{"rendered":"<p>La tradicional fiesta de APTRA se realiz\u00f3 en el Golden Center de Parque Norte y contempl\u00f3 las temporadas 2019, 2020 y 2021. Lalo Mir se llev\u00f3 el de oro al igual que Guido Kaczka y Alejandro Dolina. En&nbsp;el Golden Center de Parque Norte la Asociaci\u00f3n de Periodistas de la Televisi\u00f3n y Radiofon\u00eda Argentina (APTRA) entrega [&hellip;]<\/p>\n","protected":false},"author":4,"featured_media":111147,"comment_status":"closed","ping_status":"closed","sticky":false,"template":"","format":"standard","meta":{"om_disable_all_campaigns":false,"_jetpack_memberships_contains_paid_content":false,"footnotes":""},"categories":[50,101,2],"tags":[197,696,33,19],"class_list":["post-111146","post","type-post","status-publish","format-standard","has-post-thumbnail","hentry","category-destacadas","category-interes-general-locales","category-locales","tag-buenos-aires","tag-interes-general","tag-locales","tag-san-pedro"],"aioseo_notices":[],"gutentor_comment":0,"jetpack_featured_media_url":"https:\/\/eldiariodesanpedro.com.ar\/sitio\/wp-content\/uploads\/2022\/10\/0000021290-resized-1920x1080-1.jpg","jetpack_shortlink":"https:\/\/wp.me\/p6RhLt-sUG","jetpack_sharing_enabled":true,"_links":{"self":[{"href":"https:\/\/eldiariodesanpedro.com.ar\/sitio\/wp-json\/wp\/v2\/posts\/111146","targetHints":{"allow":["GET"]}}],"collection":[{"href":"https:\/\/eldiariodesanpedro.com.ar\/sitio\/wp-json\/wp\/v2\/posts"}],"about":[{"href":"https:\/\/eldiariodesanpedro.com.ar\/sitio\/wp-json\/wp\/v2\/types\/post"}],"author":[{"embeddable":true,"href":"https:\/\/eldiariodesanpedro.com.ar\/sitio\/wp-json\/wp\/v2\/users\/4"}],"replies":[{"embeddable":true,"href":"https:\/\/eldiariodesanpedro.com.ar\/sitio\/wp-json\/wp\/v2\/comments?post=111146"}],"version-history":[{"count":1,"href":"https:\/\/eldiariodesanpedro.com.ar\/sitio\/wp-json\/wp\/v2\/posts\/111146\/revisions"}],"predecessor-version":[{"id":111148,"href":"https:\/\/eldiariodesanpedro.com.ar\/sitio\/wp-json\/wp\/v2\/posts\/111146\/revisions\/111148"}],"wp:featuredmedia":[{"embeddable":true,"href":"https:\/\/eldiariodesanpedro.com.ar\/sitio\/wp-json\/wp\/v2\/media\/111147"}],"wp:attachment":[{"href":"https:\/\/eldiariodesanpedro.com.ar\/sitio\/wp-json\/wp\/v2\/media?parent=111146"}],"wp:term":[{"taxonomy":"category","embeddable":true,"href":"https:\/\/eldiariodesanpedro.com.ar\/sitio\/wp-json\/wp\/v2\/categories?post=111146"},{"taxonomy":"post_tag","embeddable":true,"href":"https:\/\/eldiariodesanpedro.com.ar\/sitio\/wp-json\/wp\/v2\/tags?post=111146"}],"curies":[{"name":"wp","href":"https:\/\/api.w.org\/{rel}","templated":true}]}}