{"id":111144,"date":"2022-10-03T09:35:20","date_gmt":"2022-10-03T12:35:20","guid":{"rendered":"https:\/\/eldiariodesanpedro.com.ar\/sitio\/?p=111144"},"modified":"2022-10-03T09:35:21","modified_gmt":"2022-10-03T12:35:21","slug":"anses-quienes-cobran-hoy-3-de-octubre-jubilaciones-auh-suaf-aue","status":"publish","type":"post","link":"https:\/\/eldiariodesanpedro.com.ar\/sitio\/anses-quienes-cobran-hoy-3-de-octubre-jubilaciones-auh-suaf-aue\/","title":{"rendered":"ANSES: qui\u00e9nes cobran hoy, 3 de octubre, jubilaciones, AUH, SUAF, AUE"},"content":{"rendered":"<!-- VideographyWP Plugin Message: Automatic video embedding prevented by plugin options. -->\n\n<p>Comienza el calendario de pagos de ANSES correspondiente a este mes. Mir\u00e1 qui\u00e9nes cobran este lunes 3 de octubre.<\/p>\n\n\n\n<p>La\u00a0<strong>Administraci\u00f3n Nacional de la Seguridad Social (ANSES)<\/strong>\u00a0finaliza con su\u00a0calendario de pagos\u00a0correspondientes al mes de\u00a0octubre de 2022. En el mismo, constan las fechas de cobro de\u00a0jubilaciones, pensiones, Asignaci\u00f3n Universal por Hijo (AUH), Asignaci\u00f3n Universal por Embarazo, Asignaciones Familiares, Pensiones No Contributivas y Programa d Desempleo 1, 2 y 3, entre otros beneficios del organismo previsional.<\/p>\n\n\n\n<h2 class=\"wp-block-heading\">\u00bfQui\u00e9nes cobran en ANSES este lunes 3 de octubre?<\/h2>\n\n\n\n<p>Este d\u00eda h\u00e1bil de septiembre cobran los beneficiarios y beneficiarias de\u00a0<strong>Pensiones No Contributivas (PNC); Asignaciones Familiares de PNC; y Asignaciones de pago \u00fanico.<\/strong>\u00a0Se trata del pago del haber correspondiente al mes en curso.<\/p>\n\n\n\n<h2 class=\"wp-block-heading\">Calendario de pagos ANSES: Pensiones No Contributivas (PNC)<\/h2>\n\n\n\n<ul class=\"wp-block-list\"><li><strong>DNI terminados en 0 y 1: 3 de octubre<\/strong><\/li><li>DNI terminados en 2 y 3: 4 de octubre<\/li><li>DNI terminados en 4 y 5: 5 de octubre<\/li><li>DNI terminados en 6 y 7: 6 de octubre<\/li><li>DNI terminados en 8 y 9: 11 de octubre<\/li><\/ul>\n\n\n\n<h2 class=\"wp-block-heading\">Calendario de pagos ANSES: Asignaciones Familiares de PNC<\/h2>\n\n\n\n<ul class=\"wp-block-list\"><li>Todas las terminaciones del DNI cobrar\u00e1n&nbsp;<strong>del 8 de septiembre al 12 de octubre.<\/strong><\/li><\/ul>\n\n\n\n<h2 class=\"wp-block-heading\">ANSES: Calendario de cobro de las Asignaciones de pago \u00fanico<\/h2>\n\n\n\n<p>Las asignaciones de pago \u00fanico tiene tres canales: matrimonio, adopci\u00f3n y nacimiento. Los beneficiarios con todas las terminaciones del DNI podr\u00e1n cobrarlo en la siguiente fecha:<\/p>\n\n\n\n<ul class=\"wp-block-list\"><li><strong>Primera quincena: 5 de septiembre al 12 de octubre.<\/strong><\/li><li><strong>&nbsp;Segunda Quincena: 21 de septiembre al 12 de octubre.<\/strong><\/li><\/ul>\n\n\n\n<p>La Administraci\u00f3n Nacional de la Seguridad Social (ANSES) record\u00f3 que,&nbsp;<strong>si bien no tienen que solicitar turno para cobrar este beneficio, deben acercarse a la entidad bancaria \u00fanicamente en la fecha asignada.<\/strong><\/p>\n\n\n\n<p>El resto de las prestaciones finaliz\u00f3 su calendario de pagos de este mes.<\/p>\n\n\n\n<p><a href=\"https:\/\/media.infocielo.com\/p\/489726ffb2925502c55fdc5de2d5cd42\/adjuntos\/299\/imagenes\/001\/440\/0001440992\/887x0\/smart\/anses-.jpg\"><\/a><\/p>\n","protected":false},"excerpt":{"rendered":"<p>Comienza el calendario de pagos de ANSES correspondiente a este mes. Mir\u00e1 qui\u00e9nes cobran este lunes 3 de octubre. La\u00a0Administraci\u00f3n Nacional de la Seguridad Social (ANSES)\u00a0finaliza con su\u00a0calendario de pagos\u00a0correspondientes al mes de\u00a0octubre de 2022. En el mismo, constan las fechas de cobro de\u00a0jubilaciones, pensiones, Asignaci\u00f3n Universal por Hijo (AUH), Asignaci\u00f3n Universal por Embarazo, Asignaciones [&hellip;]<\/p>\n","protected":false},"author":4,"featured_media":89081,"comment_status":"closed","ping_status":"closed","sticky":false,"template":"","format":"standard","meta":{"om_disable_all_campaigns":false,"_jetpack_memberships_contains_paid_content":false,"footnotes":""},"categories":[101,2],"tags":[197,696,33,19],"class_list":["post-111144","post","type-post","status-publish","format-standard","has-post-thumbnail","hentry","category-interes-general-locales","category-locales","tag-buenos-aires","tag-interes-general","tag-locales","tag-san-pedro"],"aioseo_notices":[],"gutentor_comment":0,"jetpack_featured_media_url":"https:\/\/eldiariodesanpedro.com.ar\/sitio\/wp-content\/uploads\/2021\/03\/anses-1.jpg","jetpack_shortlink":"https:\/\/wp.me\/p6RhLt-sUE","jetpack_sharing_enabled":true,"_links":{"self":[{"href":"https:\/\/eldiariodesanpedro.com.ar\/sitio\/wp-json\/wp\/v2\/posts\/111144","targetHints":{"allow":["GET"]}}],"collection":[{"href":"https:\/\/eldiariodesanpedro.com.ar\/sitio\/wp-json\/wp\/v2\/posts"}],"about":[{"href":"https:\/\/eldiariodesanpedro.com.ar\/sitio\/wp-json\/wp\/v2\/types\/post"}],"author":[{"embeddable":true,"href":"https:\/\/eldiariodesanpedro.com.ar\/sitio\/wp-json\/wp\/v2\/users\/4"}],"replies":[{"embeddable":true,"href":"https:\/\/eldiariodesanpedro.com.ar\/sitio\/wp-json\/wp\/v2\/comments?post=111144"}],"version-history":[{"count":1,"href":"https:\/\/eldiariodesanpedro.com.ar\/sitio\/wp-json\/wp\/v2\/posts\/111144\/revisions"}],"predecessor-version":[{"id":111145,"href":"https:\/\/eldiariodesanpedro.com.ar\/sitio\/wp-json\/wp\/v2\/posts\/111144\/revisions\/111145"}],"wp:featuredmedia":[{"embeddable":true,"href":"https:\/\/eldiariodesanpedro.com.ar\/sitio\/wp-json\/wp\/v2\/media\/89081"}],"wp:attachment":[{"href":"https:\/\/eldiariodesanpedro.com.ar\/sitio\/wp-json\/wp\/v2\/media?parent=111144"}],"wp:term":[{"taxonomy":"category","embeddable":true,"href":"https:\/\/eldiariodesanpedro.com.ar\/sitio\/wp-json\/wp\/v2\/categories?post=111144"},{"taxonomy":"post_tag","embeddable":true,"href":"https:\/\/eldiariodesanpedro.com.ar\/sitio\/wp-json\/wp\/v2\/tags?post=111144"}],"curies":[{"name":"wp","href":"https:\/\/api.w.org\/{rel}","templated":true}]}}