{"id":111134,"date":"2022-09-30T20:18:28","date_gmt":"2022-09-30T23:18:28","guid":{"rendered":"https:\/\/eldiariodesanpedro.com.ar\/sitio\/?p=111134"},"modified":"2022-09-30T20:22:02","modified_gmt":"2022-09-30T23:22:02","slug":"notificacion-inicio-de-temporada-de-empaque-fruta-de-carozo-tomjug-campana-2022-2023","status":"publish","type":"post","link":"https:\/\/eldiariodesanpedro.com.ar\/sitio\/notificacion-inicio-de-temporada-de-empaque-fruta-de-carozo-tomjug-campana-2022-2023\/","title":{"rendered":"Notificaci\u00f3n inicio de temporada de empaque fruta de carozo Tomjug campa\u00f1a 2022\/2023"},"content":{"rendered":"<!-- VideographyWP Plugin Message: Automatic video embedding prevented by plugin options. -->\n\n<p class=\"has-text-align-right\">SAN PEDRO, 29 DE SEPTIEMBRE DE 2022<\/p>\n\n\n\n<p>Comunicamos a todo nuestro personal de Empaque que el d\u00eda 25 de Octubre de 2022 se iniciara la temporada de durazno, debiendo presentarse en el lugar de trabajo en Ruta 1001 Km 10, Rio Tala, partido de San Pedro para comenzar con sus tareas.<br>Quedan Uds. debidamente notificados, conforme lo establecen los C.C.T. aplicable y Legislaci\u00f3n vigente.<\/p>\n\n\n\n<p>Deber\u00e1n expresar fehacientemente su disposici\u00f3n para comenzar sus tareas hasta el d\u00eda 07 de Octubre de 2022 en la oficina ubicada en Ruta 1001 Km 10, Rio Tala, partido de San Pedro, en horario de 09:00 a 18:00 hs. TOMJUG S.R.L.<\/p>\n\n\n\n<p>(Publicaci\u00f3n V\u00e1lida por tres d\u00edas desde el 30 de septiembre al 02 de octubre de 2022)<\/p>\n","protected":false},"excerpt":{"rendered":"<p>SAN PEDRO, 29 DE SEPTIEMBRE DE 2022 Comunicamos a todo nuestro personal de Empaque que el d\u00eda 25 de Octubre de 2022 se iniciara la temporada de durazno, debiendo presentarse en el lugar de trabajo en Ruta 1001 Km 10, Rio Tala, partido de San Pedro para comenzar con sus tareas.Quedan Uds. debidamente notificados, conforme [&hellip;]<\/p>\n","protected":false},"author":4,"featured_media":100026,"comment_status":"closed","ping_status":"closed","sticky":false,"template":"","format":"standard","meta":{"om_disable_all_campaigns":false,"_jetpack_memberships_contains_paid_content":false,"footnotes":""},"categories":[678,676],"tags":[197,1121,1355,3070,19],"class_list":["post-111134","post","type-post","status-publish","format-standard","has-post-thumbnail","hentry","category-convocatorias","category-edictos","tag-buenos-aires","tag-edicto","tag-judiciales","tag-notificacion-inicio-de-temporada-de-empaque-fruta-de-carozo-tomjug-campana-2022-2023","tag-san-pedro"],"aioseo_notices":[],"gutentor_comment":0,"jetpack_featured_media_url":"https:\/\/eldiariodesanpedro.com.ar\/sitio\/wp-content\/uploads\/2021\/10\/Tomjug-inicio-de-temporada-2021-octubre.jpg","jetpack_shortlink":"https:\/\/wp.me\/p6RhLt-sUu","jetpack_sharing_enabled":true,"_links":{"self":[{"href":"https:\/\/eldiariodesanpedro.com.ar\/sitio\/wp-json\/wp\/v2\/posts\/111134","targetHints":{"allow":["GET"]}}],"collection":[{"href":"https:\/\/eldiariodesanpedro.com.ar\/sitio\/wp-json\/wp\/v2\/posts"}],"about":[{"href":"https:\/\/eldiariodesanpedro.com.ar\/sitio\/wp-json\/wp\/v2\/types\/post"}],"author":[{"embeddable":true,"href":"https:\/\/eldiariodesanpedro.com.ar\/sitio\/wp-json\/wp\/v2\/users\/4"}],"replies":[{"embeddable":true,"href":"https:\/\/eldiariodesanpedro.com.ar\/sitio\/wp-json\/wp\/v2\/comments?post=111134"}],"version-history":[{"count":2,"href":"https:\/\/eldiariodesanpedro.com.ar\/sitio\/wp-json\/wp\/v2\/posts\/111134\/revisions"}],"predecessor-version":[{"id":111137,"href":"https:\/\/eldiariodesanpedro.com.ar\/sitio\/wp-json\/wp\/v2\/posts\/111134\/revisions\/111137"}],"wp:featuredmedia":[{"embeddable":true,"href":"https:\/\/eldiariodesanpedro.com.ar\/sitio\/wp-json\/wp\/v2\/media\/100026"}],"wp:attachment":[{"href":"https:\/\/eldiariodesanpedro.com.ar\/sitio\/wp-json\/wp\/v2\/media?parent=111134"}],"wp:term":[{"taxonomy":"category","embeddable":true,"href":"https:\/\/eldiariodesanpedro.com.ar\/sitio\/wp-json\/wp\/v2\/categories?post=111134"},{"taxonomy":"post_tag","embeddable":true,"href":"https:\/\/eldiariodesanpedro.com.ar\/sitio\/wp-json\/wp\/v2\/tags?post=111134"}],"curies":[{"name":"wp","href":"https:\/\/api.w.org\/{rel}","templated":true}]}}