{"id":111131,"date":"2022-09-30T19:54:58","date_gmt":"2022-09-30T22:54:58","guid":{"rendered":"https:\/\/eldiariodesanpedro.com.ar\/sitio\/?p=111131"},"modified":"2022-09-30T20:23:27","modified_gmt":"2022-09-30T23:23:27","slug":"asamblea-extraordinaria-de-la-asociacion-civil-emprender-desde-el-barrio-por-la-familia-y-el-trabajo","status":"publish","type":"post","link":"https:\/\/eldiariodesanpedro.com.ar\/sitio\/asamblea-extraordinaria-de-la-asociacion-civil-emprender-desde-el-barrio-por-la-familia-y-el-trabajo\/","title":{"rendered":"Asamblea Extraordinaria de la Asociaci\u00f3n Civil Emprender desde el Barrio por la Familia y el Trabajo"},"content":{"rendered":"<!-- VideographyWP Plugin Message: Automatic video embedding prevented by plugin options. -->\n\n<p class=\"has-text-align-right\">San Pedro, 30 de Septiembre de 2022<\/p>\n\n\n\n<p>Los integrantes de la Comisi\u00f3n Directiva de la Asociaci\u00f3n Civil Emprender desde el Barrio por la Familia y el Trabajo convocan a Asamblea Extraordinaria para el d\u00eda 15 de Octubre de 2022 a las 19:00 horas, en primera convocatoria, en Rio Bamba 160, San Pedro, Buenos Aires a considerar el siguiente Orden del d\u00eda:<\/p>\n\n\n\n<p>1\u00b0) Designaci\u00f3n de 2 asamble\u00edstas para firmar conjuntamente con el presidente y secretario el acta de Asamblea Extraordinaria.<\/p>\n\n\n\n<p>2\u00b0) Modificaci\u00f3n del Estatuto<\/p>\n\n\n\n<p>Podr\u00e1n acceder a la documentaci\u00f3n pre-asamblearia todos los socios que se encuentren al d\u00eda en la sede social.<\/p>\n\n\n\n<p>Segunda Convocatoria<br>Transcurrida media hora de la fijada para el inicio de la Asamblea y no habiendo reunido el qu\u00f3rum exigido, la Asamblea sesionar\u00e1 cualquiera fuere el n\u00famero de socios presentes.<\/p>\n\n\n\n<p>Mirta Nelida Basualdo \u2013 Secretaria <br>Ra\u00fal Enrique Diaz \u2013 Presidente.<\/p>\n\n\n\n<p>(Publicaci\u00f3n V\u00e1lida por tres d\u00edas desde el 30 de septiembre al 02 de octubre de 2022)<\/p>\n","protected":false},"excerpt":{"rendered":"<p>San Pedro, 30 de Septiembre de 2022 Los integrantes de la Comisi\u00f3n Directiva de la Asociaci\u00f3n Civil Emprender desde el Barrio por la Familia y el Trabajo convocan a Asamblea Extraordinaria para el d\u00eda 15 de Octubre de 2022 a las 19:00 horas, en primera convocatoria, en Rio Bamba 160, San Pedro, Buenos Aires a [&hellip;]<\/p>\n","protected":false},"author":4,"featured_media":111132,"comment_status":"closed","ping_status":"closed","sticky":false,"template":"","format":"standard","meta":{"om_disable_all_campaigns":false,"_jetpack_memberships_contains_paid_content":false,"footnotes":""},"categories":[678,676],"tags":[],"class_list":["post-111131","post","type-post","status-publish","format-standard","has-post-thumbnail","hentry","category-convocatorias","category-edictos"],"aioseo_notices":[],"gutentor_comment":0,"jetpack_featured_media_url":"https:\/\/eldiariodesanpedro.com.ar\/sitio\/wp-content\/uploads\/2022\/09\/Emprender-junio-2022.jpg","jetpack_shortlink":"https:\/\/wp.me\/p6RhLt-sUr","jetpack_sharing_enabled":true,"_links":{"self":[{"href":"https:\/\/eldiariodesanpedro.com.ar\/sitio\/wp-json\/wp\/v2\/posts\/111131","targetHints":{"allow":["GET"]}}],"collection":[{"href":"https:\/\/eldiariodesanpedro.com.ar\/sitio\/wp-json\/wp\/v2\/posts"}],"about":[{"href":"https:\/\/eldiariodesanpedro.com.ar\/sitio\/wp-json\/wp\/v2\/types\/post"}],"author":[{"embeddable":true,"href":"https:\/\/eldiariodesanpedro.com.ar\/sitio\/wp-json\/wp\/v2\/users\/4"}],"replies":[{"embeddable":true,"href":"https:\/\/eldiariodesanpedro.com.ar\/sitio\/wp-json\/wp\/v2\/comments?post=111131"}],"version-history":[{"count":2,"href":"https:\/\/eldiariodesanpedro.com.ar\/sitio\/wp-json\/wp\/v2\/posts\/111131\/revisions"}],"predecessor-version":[{"id":111138,"href":"https:\/\/eldiariodesanpedro.com.ar\/sitio\/wp-json\/wp\/v2\/posts\/111131\/revisions\/111138"}],"wp:featuredmedia":[{"embeddable":true,"href":"https:\/\/eldiariodesanpedro.com.ar\/sitio\/wp-json\/wp\/v2\/media\/111132"}],"wp:attachment":[{"href":"https:\/\/eldiariodesanpedro.com.ar\/sitio\/wp-json\/wp\/v2\/media?parent=111131"}],"wp:term":[{"taxonomy":"category","embeddable":true,"href":"https:\/\/eldiariodesanpedro.com.ar\/sitio\/wp-json\/wp\/v2\/categories?post=111131"},{"taxonomy":"post_tag","embeddable":true,"href":"https:\/\/eldiariodesanpedro.com.ar\/sitio\/wp-json\/wp\/v2\/tags?post=111131"}],"curies":[{"name":"wp","href":"https:\/\/api.w.org\/{rel}","templated":true}]}}