{"id":111129,"date":"2022-09-30T14:21:52","date_gmt":"2022-09-30T17:21:52","guid":{"rendered":"https:\/\/eldiariodesanpedro.com.ar\/sitio\/?p=111129"},"modified":"2022-09-30T14:21:54","modified_gmt":"2022-09-30T17:21:54","slug":"martin-baraybar-sera-el-nuevo-secretario-de-gobierno-tras-la-proxima-salida-de-alfredo-carrasco","status":"publish","type":"post","link":"https:\/\/eldiariodesanpedro.com.ar\/sitio\/martin-baraybar-sera-el-nuevo-secretario-de-gobierno-tras-la-proxima-salida-de-alfredo-carrasco\/","title":{"rendered":"Martin Baraybar ser\u00e1 el nuevo Secretario de Gobierno tras la pr\u00f3xima salida de Alfredo Carrasco"},"content":{"rendered":"<!-- VideographyWP Plugin Message: Automatic video embedding prevented by plugin options. -->\n\n<p>Tal cual lo adelantado la semana anterior en el aire de FM G\u00e9nesis hay cambios en el gabinete municipal. El Intendente Municipal Ram\u00f3n Salazar decidi\u00f3 efectuar modificaciones en su equipo y desplaz\u00f3 a Alfredo Carrasco de la Secretar\u00eda de Gobierno.<\/p>\n\n\n\n<p>En su lugar asumir\u00e1 Mart\u00edn Baraybar que ven\u00eda desempe\u00f1\u00e1ndose como Secretario de Desarrollo Econ\u00f3mico, funci\u00f3n que ya conoce debido a que ocup\u00f3 el mismo cargo durante la gesti\u00f3n de Fabio Giovanettoni como Intendente.<\/p>\n\n\n\n<p>Los cambios seguir\u00e1n pero ser\u00e1n en algunas direcciones.<\/p>\n","protected":false},"excerpt":{"rendered":"<p>Tal cual lo adelantado la semana anterior en el aire de FM G\u00e9nesis hay cambios en el gabinete municipal. El Intendente Municipal Ram\u00f3n Salazar decidi\u00f3 efectuar modificaciones en su equipo y desplaz\u00f3 a Alfredo Carrasco de la Secretar\u00eda de Gobierno. En su lugar asumir\u00e1 Mart\u00edn Baraybar que ven\u00eda desempe\u00f1\u00e1ndose como Secretario de Desarrollo Econ\u00f3mico, funci\u00f3n [&hellip;]<\/p>\n","protected":false},"author":4,"featured_media":110786,"comment_status":"closed","ping_status":"closed","sticky":false,"template":"","format":"standard","meta":{"om_disable_all_campaigns":false,"_jetpack_memberships_contains_paid_content":false,"footnotes":""},"categories":[50,101,2],"tags":[197,696,33,19],"class_list":["post-111129","post","type-post","status-publish","format-standard","has-post-thumbnail","hentry","category-destacadas","category-interes-general-locales","category-locales","tag-buenos-aires","tag-interes-general","tag-locales","tag-san-pedro"],"aioseo_notices":[],"gutentor_comment":0,"jetpack_featured_media_url":"https:\/\/eldiariodesanpedro.com.ar\/sitio\/wp-content\/uploads\/2022\/09\/WhatsApp-Image-2022-09-19-at-13.23.12.jpeg","jetpack_shortlink":"https:\/\/wp.me\/p6RhLt-sUp","jetpack_sharing_enabled":true,"_links":{"self":[{"href":"https:\/\/eldiariodesanpedro.com.ar\/sitio\/wp-json\/wp\/v2\/posts\/111129","targetHints":{"allow":["GET"]}}],"collection":[{"href":"https:\/\/eldiariodesanpedro.com.ar\/sitio\/wp-json\/wp\/v2\/posts"}],"about":[{"href":"https:\/\/eldiariodesanpedro.com.ar\/sitio\/wp-json\/wp\/v2\/types\/post"}],"author":[{"embeddable":true,"href":"https:\/\/eldiariodesanpedro.com.ar\/sitio\/wp-json\/wp\/v2\/users\/4"}],"replies":[{"embeddable":true,"href":"https:\/\/eldiariodesanpedro.com.ar\/sitio\/wp-json\/wp\/v2\/comments?post=111129"}],"version-history":[{"count":1,"href":"https:\/\/eldiariodesanpedro.com.ar\/sitio\/wp-json\/wp\/v2\/posts\/111129\/revisions"}],"predecessor-version":[{"id":111130,"href":"https:\/\/eldiariodesanpedro.com.ar\/sitio\/wp-json\/wp\/v2\/posts\/111129\/revisions\/111130"}],"wp:featuredmedia":[{"embeddable":true,"href":"https:\/\/eldiariodesanpedro.com.ar\/sitio\/wp-json\/wp\/v2\/media\/110786"}],"wp:attachment":[{"href":"https:\/\/eldiariodesanpedro.com.ar\/sitio\/wp-json\/wp\/v2\/media?parent=111129"}],"wp:term":[{"taxonomy":"category","embeddable":true,"href":"https:\/\/eldiariodesanpedro.com.ar\/sitio\/wp-json\/wp\/v2\/categories?post=111129"},{"taxonomy":"post_tag","embeddable":true,"href":"https:\/\/eldiariodesanpedro.com.ar\/sitio\/wp-json\/wp\/v2\/tags?post=111129"}],"curies":[{"name":"wp","href":"https:\/\/api.w.org\/{rel}","templated":true}]}}