{"id":111126,"date":"2022-09-30T13:59:03","date_gmt":"2022-09-30T16:59:03","guid":{"rendered":"https:\/\/eldiariodesanpedro.com.ar\/sitio\/?p=111126"},"modified":"2022-09-30T13:59:05","modified_gmt":"2022-09-30T16:59:05","slug":"hoy-comenzo-el-juicio-contra-profesor-imputado-por-abuso-sexual-en-santa-lucia","status":"publish","type":"post","link":"https:\/\/eldiariodesanpedro.com.ar\/sitio\/hoy-comenzo-el-juicio-contra-profesor-imputado-por-abuso-sexual-en-santa-lucia\/","title":{"rendered":"Hoy comenz\u00f3 el juicio contra profesor imputado por abuso sexual en Santa Luc\u00eda"},"content":{"rendered":"<!-- VideographyWP Plugin Message: Automatic video embedding prevented by plugin options. -->\n\n<p>Este viernes dar\u00e1 inicio el debate en el que se buscar\u00e1 condenar al docente del jard\u00edn de infantes O&#8217;farrell. Est\u00e1 acusado de abusar al menos dos alumnos de la rama inicial de un establecimiento privado.<\/p>\n\n\n\n<p>En la ma\u00f1ana del viernes dar\u00e1 inici\u00f3 el juicio oral y p\u00fablico contra el profesor de m\u00fasica de 44 a\u00f1os acusado de abusar sexualmente de al menos dos alumnos de 3 a\u00f1os que concurr\u00edan al jard\u00edn del Instituto Margarita O\u2019 Farrell de la localidad de Santa Luc\u00eda.<\/p>\n\n\n\n<p>Ser\u00e1n tres jornadas de debate y donde al menos pasar\u00e1n 30 personas que ser\u00e1n qui\u00e9nes presten testimonios ante el jurado.<\/p>\n\n\n\n<p>El hecho fue denunciado en mayo de 2017 y si bien fueron once las presentaciones originales son dos los casos por los que llega al juicio el acusado.<\/p>\n\n\n\n<p>El fiscal Marcelo Manso siempre sostuvo que hab\u00eda pruebas contundentes pero el juzgado de garant\u00edas que en aquel momento interven\u00eda neg\u00f3 en dos ocasiones el pedido de detenci\u00f3n del acusado qui\u00e9n llega a la jornada del juicio en libertad.<\/p>\n\n\n\n<p>Se espera que el martes se lean los alegatos.<\/p>\n","protected":false},"excerpt":{"rendered":"<p>Este viernes dar\u00e1 inicio el debate en el que se buscar\u00e1 condenar al docente del jard\u00edn de infantes O&#8217;farrell. Est\u00e1 acusado de abusar al menos dos alumnos de la rama inicial de un establecimiento privado. En la ma\u00f1ana del viernes dar\u00e1 inici\u00f3 el juicio oral y p\u00fablico contra el profesor de m\u00fasica de 44 a\u00f1os [&hellip;]<\/p>\n","protected":false},"author":4,"featured_media":111127,"comment_status":"closed","ping_status":"closed","sticky":false,"template":"","format":"standard","meta":{"om_disable_all_campaigns":false,"_jetpack_memberships_contains_paid_content":false,"footnotes":""},"categories":[50,101,2],"tags":[197,696,33,19],"class_list":["post-111126","post","type-post","status-publish","format-standard","has-post-thumbnail","hentry","category-destacadas","category-interes-general-locales","category-locales","tag-buenos-aires","tag-interes-general","tag-locales","tag-san-pedro"],"aioseo_notices":[],"gutentor_comment":0,"jetpack_featured_media_url":"https:\/\/eldiariodesanpedro.com.ar\/sitio\/wp-content\/uploads\/2022\/09\/0000021287-resized-1920x1080-1.jpg","jetpack_shortlink":"https:\/\/wp.me\/p6RhLt-sUm","jetpack_sharing_enabled":true,"_links":{"self":[{"href":"https:\/\/eldiariodesanpedro.com.ar\/sitio\/wp-json\/wp\/v2\/posts\/111126","targetHints":{"allow":["GET"]}}],"collection":[{"href":"https:\/\/eldiariodesanpedro.com.ar\/sitio\/wp-json\/wp\/v2\/posts"}],"about":[{"href":"https:\/\/eldiariodesanpedro.com.ar\/sitio\/wp-json\/wp\/v2\/types\/post"}],"author":[{"embeddable":true,"href":"https:\/\/eldiariodesanpedro.com.ar\/sitio\/wp-json\/wp\/v2\/users\/4"}],"replies":[{"embeddable":true,"href":"https:\/\/eldiariodesanpedro.com.ar\/sitio\/wp-json\/wp\/v2\/comments?post=111126"}],"version-history":[{"count":1,"href":"https:\/\/eldiariodesanpedro.com.ar\/sitio\/wp-json\/wp\/v2\/posts\/111126\/revisions"}],"predecessor-version":[{"id":111128,"href":"https:\/\/eldiariodesanpedro.com.ar\/sitio\/wp-json\/wp\/v2\/posts\/111126\/revisions\/111128"}],"wp:featuredmedia":[{"embeddable":true,"href":"https:\/\/eldiariodesanpedro.com.ar\/sitio\/wp-json\/wp\/v2\/media\/111127"}],"wp:attachment":[{"href":"https:\/\/eldiariodesanpedro.com.ar\/sitio\/wp-json\/wp\/v2\/media?parent=111126"}],"wp:term":[{"taxonomy":"category","embeddable":true,"href":"https:\/\/eldiariodesanpedro.com.ar\/sitio\/wp-json\/wp\/v2\/categories?post=111126"},{"taxonomy":"post_tag","embeddable":true,"href":"https:\/\/eldiariodesanpedro.com.ar\/sitio\/wp-json\/wp\/v2\/tags?post=111126"}],"curies":[{"name":"wp","href":"https:\/\/api.w.org\/{rel}","templated":true}]}}