{"id":111123,"date":"2022-09-30T13:51:14","date_gmt":"2022-09-30T16:51:14","guid":{"rendered":"https:\/\/eldiariodesanpedro.com.ar\/sitio\/?p=111123"},"modified":"2022-09-30T13:51:16","modified_gmt":"2022-09-30T16:51:16","slug":"condenan-a-16-anos-de-prision-al-homicida-de-rodrigo-paz","status":"publish","type":"post","link":"https:\/\/eldiariodesanpedro.com.ar\/sitio\/condenan-a-16-anos-de-prision-al-homicida-de-rodrigo-paz\/","title":{"rendered":"Condenan a 16 a\u00f1os de prisi\u00f3n al homicida de Rodrigo Paz"},"content":{"rendered":"<!-- VideographyWP Plugin Message: Automatic video embedding prevented by plugin options. -->\n\n<p>La fiscal Viviana Ramos confirm\u00f3 en el aire de FM G\u00e9nesis que el acusado fue sancionado con 16 a\u00f1os de prisi\u00f3n. Adem\u00e1s solicit\u00f3 que la fiscal\u00eda del menor investigue a la joven que lo acompa\u00f1aba ya que el imputado la involucr\u00f3 en el hecho.<\/p>\n\n\n\n<p>Se conoci\u00f3 el veredicto final sobre el caso Rodrigo Paz y el jurado interviniente hall\u00f3 culpable a Enzo Cejas, de 33 a\u00f1os, como el responsable del asesinato cometido el 7de noviembre del a\u00f1o 2020 en Santa Luc\u00eda.<\/p>\n\n\n\n<p>La fiscal Viviana Ramos hab\u00eda solicitado 18 a\u00f1os de prisi\u00f3n para el acusado pero finalmente el Tribunal lo pen\u00f3 con 16 a\u00f1os de prisi\u00f3n efectiva sanci\u00f3n que conform\u00f3 a la parte acusatoria al entender que alcanz\u00f3 las expectativas que hab\u00eda sobre el caso.<\/p>\n\n\n\n<p>Adem\u00e1s la letrada solicit\u00f3 a la justicia de menores que investigue a la joven menor de edad que acompa\u00f1aba al asesino en el momento del ataque al entender que no estaba ajena a lo que suced\u00eda ese d\u00eda. Adem\u00e1s, durante su exposici\u00f3n ante el jurado, Cejas, que all\u00ed mismo \u00abdespidi\u00f3\u00bb a su abogado particular, responsabiliz\u00f3 a la joven sobre lo sucedido asegurando que era ella quien lo impuls\u00f3 a disparar.<\/p>\n\n\n\n<p>El hecho se produjo cerca del mediod\u00eda en las puertas del club Central C\u00f3rdoba de Santa Luc\u00eda, cuando el asesino pas\u00f3 en varias ocasiones en forma desafiante pero en una de ellas detuvo su marcha y dispar\u00f3 desde arriba de un auto matando a Paz en el acto.<\/p>\n\n\n\n<p>All\u00ed escap\u00f3 y fue capturado mas tarde cuando escapaba en sentido a Pergamino.<\/p>\n","protected":false},"excerpt":{"rendered":"<p>La fiscal Viviana Ramos confirm\u00f3 en el aire de FM G\u00e9nesis que el acusado fue sancionado con 16 a\u00f1os de prisi\u00f3n. Adem\u00e1s solicit\u00f3 que la fiscal\u00eda del menor investigue a la joven que lo acompa\u00f1aba ya que el imputado la involucr\u00f3 en el hecho. Se conoci\u00f3 el veredicto final sobre el caso Rodrigo Paz y [&hellip;]<\/p>\n","protected":false},"author":4,"featured_media":111124,"comment_status":"closed","ping_status":"closed","sticky":false,"template":"","format":"standard","meta":{"om_disable_all_campaigns":false,"_jetpack_memberships_contains_paid_content":false,"footnotes":""},"categories":[50,2,103],"tags":[197,33,95,19],"class_list":["post-111123","post","type-post","status-publish","format-standard","has-post-thumbnail","hentry","category-destacadas","category-locales","category-policiales-locales","tag-buenos-aires","tag-locales","tag-policiales","tag-san-pedro"],"aioseo_notices":[],"gutentor_comment":0,"jetpack_featured_media_url":"https:\/\/eldiariodesanpedro.com.ar\/sitio\/wp-content\/uploads\/2022\/09\/13882481_1045265282217849_2700514563998447011_n-800x445-1.jpg","jetpack_shortlink":"https:\/\/wp.me\/p6RhLt-sUj","jetpack_sharing_enabled":true,"_links":{"self":[{"href":"https:\/\/eldiariodesanpedro.com.ar\/sitio\/wp-json\/wp\/v2\/posts\/111123","targetHints":{"allow":["GET"]}}],"collection":[{"href":"https:\/\/eldiariodesanpedro.com.ar\/sitio\/wp-json\/wp\/v2\/posts"}],"about":[{"href":"https:\/\/eldiariodesanpedro.com.ar\/sitio\/wp-json\/wp\/v2\/types\/post"}],"author":[{"embeddable":true,"href":"https:\/\/eldiariodesanpedro.com.ar\/sitio\/wp-json\/wp\/v2\/users\/4"}],"replies":[{"embeddable":true,"href":"https:\/\/eldiariodesanpedro.com.ar\/sitio\/wp-json\/wp\/v2\/comments?post=111123"}],"version-history":[{"count":1,"href":"https:\/\/eldiariodesanpedro.com.ar\/sitio\/wp-json\/wp\/v2\/posts\/111123\/revisions"}],"predecessor-version":[{"id":111125,"href":"https:\/\/eldiariodesanpedro.com.ar\/sitio\/wp-json\/wp\/v2\/posts\/111123\/revisions\/111125"}],"wp:featuredmedia":[{"embeddable":true,"href":"https:\/\/eldiariodesanpedro.com.ar\/sitio\/wp-json\/wp\/v2\/media\/111124"}],"wp:attachment":[{"href":"https:\/\/eldiariodesanpedro.com.ar\/sitio\/wp-json\/wp\/v2\/media?parent=111123"}],"wp:term":[{"taxonomy":"category","embeddable":true,"href":"https:\/\/eldiariodesanpedro.com.ar\/sitio\/wp-json\/wp\/v2\/categories?post=111123"},{"taxonomy":"post_tag","embeddable":true,"href":"https:\/\/eldiariodesanpedro.com.ar\/sitio\/wp-json\/wp\/v2\/tags?post=111123"}],"curies":[{"name":"wp","href":"https:\/\/api.w.org\/{rel}","templated":true}]}}