{"id":111117,"date":"2022-09-30T13:13:22","date_gmt":"2022-09-30T16:13:22","guid":{"rendered":"https:\/\/eldiariodesanpedro.com.ar\/sitio\/?p=111117"},"modified":"2022-09-30T13:13:23","modified_gmt":"2022-09-30T16:13:23","slug":"un-joven-con-fractura-de-tibia-y-perone-en-accidente-de-transito","status":"publish","type":"post","link":"https:\/\/eldiariodesanpedro.com.ar\/sitio\/un-joven-con-fractura-de-tibia-y-perone-en-accidente-de-transito\/","title":{"rendered":"Un joven con fractura de tibia y peron\u00e9 en accidente de transito"},"content":{"rendered":"<!-- VideographyWP Plugin Message: Automatic video embedding prevented by plugin options. -->\n\n<p>En el d\u00eda de ayer promediando las 14 horas, a ra\u00edz llamado dependencia personal policial acude a camino villa jard\u00edn moj\u00f3n 280 de esta ciudad, donde por circunstancias que se tratan de establecer, veh\u00edculo de la marca\u00a0 Ford modelo F -100 conducido por ciudadanos de 47 a\u00f1os colisiona con motocicleta marca Motomel modelo Skua 125 guiada por ciudadano de 31 a\u00f1os. <\/p>\n\n\n\n<p>Resultando que el \u00a0conductor del rodado menor, se trasladado hacia el hospital local, presentando lesiones de car\u00e1cter graves obteniendo fractura de tibia\/peron\u00e9. Por lo que la UFI 07 interviniente \u00a0dispone \u00a0las actuaciones de rigor y secuestro judicial de ambos rodados.-<\/p>\n","protected":false},"excerpt":{"rendered":"<p>En el d\u00eda de ayer promediando las 14 horas, a ra\u00edz llamado dependencia personal policial acude a camino villa jard\u00edn moj\u00f3n 280 de esta ciudad, donde por circunstancias que se tratan de establecer, veh\u00edculo de la marca\u00a0 Ford modelo F -100 conducido por ciudadanos de 47 a\u00f1os colisiona con motocicleta marca Motomel modelo Skua 125 [&hellip;]<\/p>\n","protected":false},"author":4,"featured_media":111118,"comment_status":"closed","ping_status":"closed","sticky":false,"template":"","format":"standard","meta":{"om_disable_all_campaigns":false,"_jetpack_memberships_contains_paid_content":false,"footnotes":""},"categories":[2,103],"tags":[197,696,33,19],"class_list":["post-111117","post","type-post","status-publish","format-standard","has-post-thumbnail","hentry","category-locales","category-policiales-locales","tag-buenos-aires","tag-interes-general","tag-locales","tag-san-pedro"],"aioseo_notices":[],"gutentor_comment":0,"jetpack_featured_media_url":"https:\/\/eldiariodesanpedro.com.ar\/sitio\/wp-content\/uploads\/2022\/09\/1.jpg","jetpack_shortlink":"https:\/\/wp.me\/p6RhLt-sUd","jetpack_sharing_enabled":true,"_links":{"self":[{"href":"https:\/\/eldiariodesanpedro.com.ar\/sitio\/wp-json\/wp\/v2\/posts\/111117","targetHints":{"allow":["GET"]}}],"collection":[{"href":"https:\/\/eldiariodesanpedro.com.ar\/sitio\/wp-json\/wp\/v2\/posts"}],"about":[{"href":"https:\/\/eldiariodesanpedro.com.ar\/sitio\/wp-json\/wp\/v2\/types\/post"}],"author":[{"embeddable":true,"href":"https:\/\/eldiariodesanpedro.com.ar\/sitio\/wp-json\/wp\/v2\/users\/4"}],"replies":[{"embeddable":true,"href":"https:\/\/eldiariodesanpedro.com.ar\/sitio\/wp-json\/wp\/v2\/comments?post=111117"}],"version-history":[{"count":1,"href":"https:\/\/eldiariodesanpedro.com.ar\/sitio\/wp-json\/wp\/v2\/posts\/111117\/revisions"}],"predecessor-version":[{"id":111119,"href":"https:\/\/eldiariodesanpedro.com.ar\/sitio\/wp-json\/wp\/v2\/posts\/111117\/revisions\/111119"}],"wp:featuredmedia":[{"embeddable":true,"href":"https:\/\/eldiariodesanpedro.com.ar\/sitio\/wp-json\/wp\/v2\/media\/111118"}],"wp:attachment":[{"href":"https:\/\/eldiariodesanpedro.com.ar\/sitio\/wp-json\/wp\/v2\/media?parent=111117"}],"wp:term":[{"taxonomy":"category","embeddable":true,"href":"https:\/\/eldiariodesanpedro.com.ar\/sitio\/wp-json\/wp\/v2\/categories?post=111117"},{"taxonomy":"post_tag","embeddable":true,"href":"https:\/\/eldiariodesanpedro.com.ar\/sitio\/wp-json\/wp\/v2\/tags?post=111117"}],"curies":[{"name":"wp","href":"https:\/\/api.w.org\/{rel}","templated":true}]}}