{"id":111110,"date":"2022-09-29T19:42:17","date_gmt":"2022-09-29T22:42:17","guid":{"rendered":"https:\/\/eldiariodesanpedro.com.ar\/sitio\/?p=111110"},"modified":"2022-09-29T19:44:53","modified_gmt":"2022-09-29T22:44:53","slug":"desbaratan-banda-de-piratas-del-asfalto-dos-sampedrinos-profugos-involucrados","status":"publish","type":"post","link":"https:\/\/eldiariodesanpedro.com.ar\/sitio\/desbaratan-banda-de-piratas-del-asfalto-dos-sampedrinos-profugos-involucrados\/","title":{"rendered":"Desbaratan banda de piratas del asfalto, dos sampedrinos pr\u00f3fugos involucrados"},"content":{"rendered":"<!-- VideographyWP Plugin Message: Automatic video embedding prevented by plugin options. -->\n\n<p>Cuatro aprehendidos y hay dos pr\u00f3fugos de San Pedro Gustavo \u00abPescado\u00bb Dom\u00ednguez, 54 a\u00f1os, y su hijo Ra\u00fal Federico \u00abPescadito\u00bb Dominguez de 30 quien adem\u00e1s es segundo concejal suplente del Frente de Todos, adem\u00e1s de tambi\u00e9n ser uno de los representantes de San Pedro que corre en la categor\u00eda Turismo Pista , fueron declarados pr\u00f3fugos por la Justicia.<\/p>\n\n\n\n<p>Los delitos fueron cometidos bajo la modalidad conocida como pirater\u00eda del asfalto y se habr\u00edan esclarecido al menos dos hechos. Entre los cuatro delincuentes hay una mujer a la que se le imputa la tenencia ilegal de arma de fuego.<\/p>\n\n\n\n<p>Investigaci\u00f3n mediante se lleg\u00f3 a la concreci\u00f3n de una serie de allanamientos en los que fueron secuestrados un cami\u00f3n, un autom\u00f3vil, armas de fuego, municiones, herramientas de distintos tipos, 14 tel\u00e9fonos celulares y una Tablet.<\/p>\n\n\n\n<p>Las pesquisas permiten establecer que hay dos personas que a\u00fan permanecen pr\u00f3fugas si bien est\u00e1n individualizadas.<\/p>\n\n\n\n<p><strong>EL ROBO<\/strong><br>A fines del mes pasado, el chofer de un cami\u00f3n IVECO con semirremolque y carga de rollos de tela que circulaba por la Ruta Nacional 7, en direcci\u00f3n Jun\u00edn-CABA, en inmediaciones del Paraje La Agraria, cerca de las 20 horas, detiene la marcha a la espera de encontrarse con la custodia que lo acompa\u00f1ar\u00eda hasta llegar a destino.<\/p>\n\n\n\n<p>Cuando Miguel Arga\u00f1araz, de 44 a\u00f1os, aguardaba a la altura de la estaci\u00f3n de servicio YPF, es sorprendido por tres individuos que se movilizaban en un Peugeot 206 gris, quienes tras intimidarlo con un arma de fuego, lo redujeron y se llevaron el veh\u00edculo de gran porte.<\/p>\n\n\n\n<p>El accionar de los piratas del asfalto, sin dudas planificado, hab\u00eda comenzado media hora antes ya que sobre la misma ruta nacional pero entre los kil\u00f3metros 170 y 180, interceptaron el paso de un VW Gol, en el que se trasladaban los custodios del cami\u00f3n conducido por Arga\u00f1araz, Mat\u00edas Cuevas de 30 a\u00f1os y Aldo Morello de 35.<\/p>\n\n\n\n<p>All\u00ed, privando de la libertad al personal de seguridad, tom\u00f3 el mando del auto uno de los delincuentes y horas despu\u00e9s los abandon\u00f3, ilesos, en el acceso Oeste, en inmediaciones del Hospital Posadas mientras que el VW Gol fue abandonado en Ruta 41.<\/p>\n\n\n\n<p><strong>LA INVESTIGACION<\/strong><\/p>\n\n\n\n<p>Con intervenci\u00f3n de la justicia se inici\u00f3 una investigaci\u00f3n encomendada a la DDI Jun\u00edn a cargo del comisario mayor Cristian Caggiano.<\/p>\n\n\n\n<p>Cuando a\u00fan no hab\u00eda transcurrido un mes, los detectives lograron a partir de material f\u00edlmico, tareas de campo, testimonios e intervenciones telef\u00f3nicas, identificar a los presuntos piratas.<\/p>\n\n\n\n<p>Logran inicialmente establecer que se trataba de un grupo de no menos de seis personas domiciliadas en San Pedro, Lima y Campana.<\/p>\n\n\n\n<p>Sumadas las pruebas correspondientes, desde la fiscal\u00eda interviniente a cargo de la Dra. Vanina Lisazo y del Juzgado de Garant\u00edas, se libraron las \u00f3rdenes de allanamiento, secuestros y detenci\u00f3n de los implicados, que finalmente fueron concedidas<\/p>\n\n\n\n<p><strong>LOS SECUESTROS<\/strong><\/p>\n\n\n\n<p>En el marco de las actuaciones efectivizadas, los uniformados procedieron al secuestro de un cami\u00f3n Mercedes Benz 16\/34 dominio MVW 284, un tractor marca Hanomag, una jaula de enganche pico cig\u00fce\u00f1a ( para traslado de caballos) , un autom\u00f3vil Peugeot 206 dominio EST 661, una arma pistola calibre 22 marca Tala con numeraci\u00f3n suprimida, un revolver calibre 22 marca Balilla, 30 municiones calibre 22, 279.300 pesos argentinos, 103 d\u00f3lares estadounidenses, 14 tel\u00e9fonos celulares, 01 Tablet, una desmalezadora, un matafuegos, dos criquet hidr\u00e1ulico, dos cajas de herramientas, una hidrolavadora, una amoladora, una olladora, un transformador, dos llaves Stillson, cinco llaves combinadas, un rollo de cable negro de 100 metros, un alargue de cien metros, una morsa, una lona de cami\u00f3n roja y blanca, trece barandas de chapa de semirremolque sustra\u00eddo, tres pares de guantes y prendas de vestir.<\/p>\n\n\n\n<p><strong>OTRO HECHO ESCLARECIDO<\/strong><br>Cabe destacar que a partir de los elementos incautados durante los allanamientos, se pudo esclarecer otro hecho, por robo, que en la actualidad instruye la fiscal\u00eda descentralizada de Z\u00e1rate N\u00b0 7 y con intervenci\u00f3n del Juzgado de garant\u00edas 2 de Z\u00e1rate.<\/p>\n\n\n\n<p><strong>LOS PIRATAS DEL ASFALTO<\/strong><br>En el marco de las medidas judiciales cumplimentadas, fueron detenidos tres hombres de 20, 21 y 36 a\u00f1os y una mujer de 49.<br>Las pesquisas contin\u00faan ya que hay otros dos hombres de 30 y 54 a\u00f1os que permanecen pr\u00f3fugos y est\u00e1n siendo intensamente buscados. <\/p>\n\n\n\n<p>Fuente: La Verdad Online (https:\/\/laverdadonline.com\/)<\/p>\n","protected":false},"excerpt":{"rendered":"<p>Cuatro aprehendidos y hay dos pr\u00f3fugos de San Pedro Gustavo \u00abPescado\u00bb Dom\u00ednguez, 54 a\u00f1os, y su hijo Ra\u00fal Federico \u00abPescadito\u00bb Dominguez de 30 quien adem\u00e1s es segundo concejal suplente del Frente de Todos, adem\u00e1s de tambi\u00e9n ser uno de los representantes de San Pedro que corre en la categor\u00eda Turismo Pista , fueron declarados pr\u00f3fugos [&hellip;]<\/p>\n","protected":false},"author":4,"featured_media":111111,"comment_status":"closed","ping_status":"closed","sticky":false,"template":"","format":"standard","meta":{"om_disable_all_campaigns":false,"_jetpack_memberships_contains_paid_content":false,"footnotes":""},"categories":[50,2,103],"tags":[],"class_list":["post-111110","post","type-post","status-publish","format-standard","has-post-thumbnail","hentry","category-destacadas","category-locales","category-policiales-locales"],"aioseo_notices":[],"gutentor_comment":0,"jetpack_featured_media_url":"https:\/\/eldiariodesanpedro.com.ar\/sitio\/wp-content\/uploads\/2022\/09\/pirata.jpg","jetpack_shortlink":"https:\/\/wp.me\/p6RhLt-sU6","jetpack_sharing_enabled":true,"_links":{"self":[{"href":"https:\/\/eldiariodesanpedro.com.ar\/sitio\/wp-json\/wp\/v2\/posts\/111110","targetHints":{"allow":["GET"]}}],"collection":[{"href":"https:\/\/eldiariodesanpedro.com.ar\/sitio\/wp-json\/wp\/v2\/posts"}],"about":[{"href":"https:\/\/eldiariodesanpedro.com.ar\/sitio\/wp-json\/wp\/v2\/types\/post"}],"author":[{"embeddable":true,"href":"https:\/\/eldiariodesanpedro.com.ar\/sitio\/wp-json\/wp\/v2\/users\/4"}],"replies":[{"embeddable":true,"href":"https:\/\/eldiariodesanpedro.com.ar\/sitio\/wp-json\/wp\/v2\/comments?post=111110"}],"version-history":[{"count":2,"href":"https:\/\/eldiariodesanpedro.com.ar\/sitio\/wp-json\/wp\/v2\/posts\/111110\/revisions"}],"predecessor-version":[{"id":111114,"href":"https:\/\/eldiariodesanpedro.com.ar\/sitio\/wp-json\/wp\/v2\/posts\/111110\/revisions\/111114"}],"wp:featuredmedia":[{"embeddable":true,"href":"https:\/\/eldiariodesanpedro.com.ar\/sitio\/wp-json\/wp\/v2\/media\/111111"}],"wp:attachment":[{"href":"https:\/\/eldiariodesanpedro.com.ar\/sitio\/wp-json\/wp\/v2\/media?parent=111110"}],"wp:term":[{"taxonomy":"category","embeddable":true,"href":"https:\/\/eldiariodesanpedro.com.ar\/sitio\/wp-json\/wp\/v2\/categories?post=111110"},{"taxonomy":"post_tag","embeddable":true,"href":"https:\/\/eldiariodesanpedro.com.ar\/sitio\/wp-json\/wp\/v2\/tags?post=111110"}],"curies":[{"name":"wp","href":"https:\/\/api.w.org\/{rel}","templated":true}]}}