{"id":111100,"date":"2022-09-29T19:26:42","date_gmt":"2022-09-29T22:26:42","guid":{"rendered":"https:\/\/eldiariodesanpedro.com.ar\/sitio\/?p=111100"},"modified":"2022-09-29T19:26:44","modified_gmt":"2022-09-29T22:26:44","slug":"la-secretaria-de-turismo-presente-en-la-reunion-del-coprotur","status":"publish","type":"post","link":"https:\/\/eldiariodesanpedro.com.ar\/sitio\/la-secretaria-de-turismo-presente-en-la-reunion-del-coprotur\/","title":{"rendered":"La Secretar\u00eda de Turismo presente en la reuni\u00f3n del COPROTUR"},"content":{"rendered":"<!-- VideographyWP Plugin Message: Automatic video embedding prevented by plugin options. -->\n\n<p>En Ca\u00f1uelas y encabezada por el Ministro de Producci\u00f3n, Ciencia e Innovaci\u00f3n Tecnol\u00f3gica Augusto Costa, y la Subsecretar\u00eda de Turismo de la Provincia de Buenos Aires Soledad Mart\u00ednez, se llev\u00f3 a cabo este jueves una nueva reuni\u00f3n del Consejo Provincial de Turismo.<\/p>\n\n\n\n<p>La Secretaria de Turismo y Cultura de San Pedro Marcela Cu\u00f1er particip\u00f3 en representaci\u00f3n de nuestro distrito y adem\u00e1s como referente del Polo 2 del cual es vicepresidente y que nuclea a las ciudades de la zona comprendida entre Vicente L\u00f3pez y San Nicol\u00e1s y entre Pergamino y Exaltaci\u00f3n de la Cruz).<\/p>\n\n\n\n<p>Cada una de las siete regiones hizo una evaluaci\u00f3n de la situaci\u00f3n actual y desde el organismo se remarcaron los ejes sobre los que se trabaja para los pr\u00f3ximos meses dentro de los cuales, San Pedro tiene una presencia destacada por ser una de las 12 ciudades elegidas como destino para los Viajes de Fin de Curso que promociona el gobierno provincial, el programa RECREO y la inclusi\u00f3n de Vuelta de Obligado dentro de los Pueblos Tur\u00edsticos.<\/p>\n\n\n\n<p>Adem\u00e1s se anticip\u00f3 como ser\u00e1 la presencia de la Provincia de Buenos Aires junto a las zonas m\u00e1s importantes de la actividad en un stand en la Feria Internacional de Turismo que tendr\u00e1 lugar en La Rural del 1 al 4 de octubre.<\/p>\n\n\n\n<p>El COPROTUR es un consejo asesor consultivo conformado por dos representantes de la subsecretar\u00eda de Turismo; un representante por cada uno de los siete PDT (Polo de Desarrollo Tur\u00edstico); un representante del BAPRO; representantes del sector privado, asociaciones gremiales, y representantes de entidades educativas con carreras de turismo.<\/p>\n\n\n\n<figure class=\"wp-block-image size-full\"><img decoding=\"async\" width=\"945\" height=\"630\" data-attachment-id=\"111101\" data-permalink=\"https:\/\/eldiariodesanpedro.com.ar\/sitio\/la-secretaria-de-turismo-presente-en-la-reunion-del-coprotur\/whatsapp-image-2022-09-29-at-17-56-31-1\/\" data-orig-file=\"https:\/\/eldiariodesanpedro.com.ar\/sitio\/wp-content\/uploads\/2022\/09\/WhatsApp-Image-2022-09-29-at-17.56.31-1.jpeg\" data-orig-size=\"945,630\" data-comments-opened=\"0\" data-image-meta=\"{&quot;aperture&quot;:&quot;0&quot;,&quot;credit&quot;:&quot;&quot;,&quot;camera&quot;:&quot;&quot;,&quot;caption&quot;:&quot;&quot;,&quot;created_timestamp&quot;:&quot;0&quot;,&quot;copyright&quot;:&quot;&quot;,&quot;focal_length&quot;:&quot;0&quot;,&quot;iso&quot;:&quot;0&quot;,&quot;shutter_speed&quot;:&quot;0&quot;,&quot;title&quot;:&quot;&quot;,&quot;orientation&quot;:&quot;0&quot;}\" data-image-title=\"WhatsApp Image 2022-09-29 at 17.56.31 (1)\" data-image-description=\"\" data-image-caption=\"\" data-large-file=\"https:\/\/eldiariodesanpedro.com.ar\/sitio\/wp-content\/uploads\/2022\/09\/WhatsApp-Image-2022-09-29-at-17.56.31-1.jpeg\" data-src=\"https:\/\/eldiariodesanpedro.com.ar\/sitio\/wp-content\/uploads\/2022\/09\/WhatsApp-Image-2022-09-29-at-17.56.31-1.jpeg\" alt=\"\" class=\"wp-image-111101 lazyload\" data-srcset=\"https:\/\/eldiariodesanpedro.com.ar\/sitio\/wp-content\/uploads\/2022\/09\/WhatsApp-Image-2022-09-29-at-17.56.31-1.jpeg 945w, https:\/\/eldiariodesanpedro.com.ar\/sitio\/wp-content\/uploads\/2022\/09\/WhatsApp-Image-2022-09-29-at-17.56.31-1-300x200.jpeg 300w, https:\/\/eldiariodesanpedro.com.ar\/sitio\/wp-content\/uploads\/2022\/09\/WhatsApp-Image-2022-09-29-at-17.56.31-1-768x512.jpeg 768w\" data-sizes=\"(max-width: 945px) 100vw, 945px\" src=\"data:image\/svg+xml;base64,PHN2ZyB3aWR0aD0iMSIgaGVpZ2h0PSIxIiB4bWxucz0iaHR0cDovL3d3dy53My5vcmcvMjAwMC9zdmciPjwvc3ZnPg==\" style=\"--smush-placeholder-width: 945px; --smush-placeholder-aspect-ratio: 945\/630;\" \/><\/figure>\n\n\n\n<figure class=\"wp-block-image size-full\"><img decoding=\"async\" width=\"420\" height=\"630\" data-attachment-id=\"111103\" data-permalink=\"https:\/\/eldiariodesanpedro.com.ar\/sitio\/la-secretaria-de-turismo-presente-en-la-reunion-del-coprotur\/whatsapp-image-2022-09-29-at-17-56-32\/\" data-orig-file=\"https:\/\/eldiariodesanpedro.com.ar\/sitio\/wp-content\/uploads\/2022\/09\/WhatsApp-Image-2022-09-29-at-17.56.32.jpeg\" data-orig-size=\"420,630\" data-comments-opened=\"0\" data-image-meta=\"{&quot;aperture&quot;:&quot;0&quot;,&quot;credit&quot;:&quot;&quot;,&quot;camera&quot;:&quot;&quot;,&quot;caption&quot;:&quot;&quot;,&quot;created_timestamp&quot;:&quot;0&quot;,&quot;copyright&quot;:&quot;&quot;,&quot;focal_length&quot;:&quot;0&quot;,&quot;iso&quot;:&quot;0&quot;,&quot;shutter_speed&quot;:&quot;0&quot;,&quot;title&quot;:&quot;&quot;,&quot;orientation&quot;:&quot;0&quot;}\" data-image-title=\"WhatsApp Image 2022-09-29 at 17.56.32\" data-image-description=\"\" data-image-caption=\"\" data-large-file=\"https:\/\/eldiariodesanpedro.com.ar\/sitio\/wp-content\/uploads\/2022\/09\/WhatsApp-Image-2022-09-29-at-17.56.32.jpeg\" data-src=\"https:\/\/eldiariodesanpedro.com.ar\/sitio\/wp-content\/uploads\/2022\/09\/WhatsApp-Image-2022-09-29-at-17.56.32.jpeg\" alt=\"\" class=\"wp-image-111103 lazyload\" data-srcset=\"https:\/\/eldiariodesanpedro.com.ar\/sitio\/wp-content\/uploads\/2022\/09\/WhatsApp-Image-2022-09-29-at-17.56.32.jpeg 420w, https:\/\/eldiariodesanpedro.com.ar\/sitio\/wp-content\/uploads\/2022\/09\/WhatsApp-Image-2022-09-29-at-17.56.32-200x300.jpeg 200w, https:\/\/eldiariodesanpedro.com.ar\/sitio\/wp-content\/uploads\/2022\/09\/WhatsApp-Image-2022-09-29-at-17.56.32-400x600.jpeg 400w\" data-sizes=\"(max-width: 420px) 100vw, 420px\" src=\"data:image\/svg+xml;base64,PHN2ZyB3aWR0aD0iMSIgaGVpZ2h0PSIxIiB4bWxucz0iaHR0cDovL3d3dy53My5vcmcvMjAwMC9zdmciPjwvc3ZnPg==\" style=\"--smush-placeholder-width: 420px; --smush-placeholder-aspect-ratio: 420\/630;\" \/><\/figure>\n","protected":false},"excerpt":{"rendered":"<p>En Ca\u00f1uelas y encabezada por el Ministro de Producci\u00f3n, Ciencia e Innovaci\u00f3n Tecnol\u00f3gica Augusto Costa, y la Subsecretar\u00eda de Turismo de la Provincia de Buenos Aires Soledad Mart\u00ednez, se llev\u00f3 a cabo este jueves una nueva reuni\u00f3n del Consejo Provincial de Turismo. La Secretaria de Turismo y Cultura de San Pedro Marcela Cu\u00f1er particip\u00f3 en [&hellip;]<\/p>\n","protected":false},"author":4,"featured_media":111102,"comment_status":"closed","ping_status":"closed","sticky":false,"template":"","format":"standard","meta":{"om_disable_all_campaigns":false,"_jetpack_memberships_contains_paid_content":false,"footnotes":""},"categories":[101,2],"tags":[197,696,33,19],"class_list":["post-111100","post","type-post","status-publish","format-standard","has-post-thumbnail","hentry","category-interes-general-locales","category-locales","tag-buenos-aires","tag-interes-general","tag-locales","tag-san-pedro"],"aioseo_notices":[],"gutentor_comment":0,"jetpack_featured_media_url":"https:\/\/eldiariodesanpedro.com.ar\/sitio\/wp-content\/uploads\/2022\/09\/WhatsApp-Image-2022-09-29-at-17.56.31.jpeg","jetpack_shortlink":"https:\/\/wp.me\/p6RhLt-sTW","jetpack_sharing_enabled":true,"_links":{"self":[{"href":"https:\/\/eldiariodesanpedro.com.ar\/sitio\/wp-json\/wp\/v2\/posts\/111100","targetHints":{"allow":["GET"]}}],"collection":[{"href":"https:\/\/eldiariodesanpedro.com.ar\/sitio\/wp-json\/wp\/v2\/posts"}],"about":[{"href":"https:\/\/eldiariodesanpedro.com.ar\/sitio\/wp-json\/wp\/v2\/types\/post"}],"author":[{"embeddable":true,"href":"https:\/\/eldiariodesanpedro.com.ar\/sitio\/wp-json\/wp\/v2\/users\/4"}],"replies":[{"embeddable":true,"href":"https:\/\/eldiariodesanpedro.com.ar\/sitio\/wp-json\/wp\/v2\/comments?post=111100"}],"version-history":[{"count":1,"href":"https:\/\/eldiariodesanpedro.com.ar\/sitio\/wp-json\/wp\/v2\/posts\/111100\/revisions"}],"predecessor-version":[{"id":111104,"href":"https:\/\/eldiariodesanpedro.com.ar\/sitio\/wp-json\/wp\/v2\/posts\/111100\/revisions\/111104"}],"wp:featuredmedia":[{"embeddable":true,"href":"https:\/\/eldiariodesanpedro.com.ar\/sitio\/wp-json\/wp\/v2\/media\/111102"}],"wp:attachment":[{"href":"https:\/\/eldiariodesanpedro.com.ar\/sitio\/wp-json\/wp\/v2\/media?parent=111100"}],"wp:term":[{"taxonomy":"category","embeddable":true,"href":"https:\/\/eldiariodesanpedro.com.ar\/sitio\/wp-json\/wp\/v2\/categories?post=111100"},{"taxonomy":"post_tag","embeddable":true,"href":"https:\/\/eldiariodesanpedro.com.ar\/sitio\/wp-json\/wp\/v2\/tags?post=111100"}],"curies":[{"name":"wp","href":"https:\/\/api.w.org\/{rel}","templated":true}]}}