{"id":111097,"date":"2022-09-29T18:38:57","date_gmt":"2022-09-29T21:38:57","guid":{"rendered":"https:\/\/eldiariodesanpedro.com.ar\/sitio\/?p=111097"},"modified":"2022-09-29T18:38:58","modified_gmt":"2022-09-29T21:38:58","slug":"notificacion-inicio-de-temporada-vivero-el-pampero","status":"publish","type":"post","link":"https:\/\/eldiariodesanpedro.com.ar\/sitio\/notificacion-inicio-de-temporada-vivero-el-pampero\/","title":{"rendered":"Notificaci\u00f3n Inicio de Temporada Vivero El Pampero"},"content":{"rendered":"<!-- VideographyWP Plugin Message: Automatic video embedding prevented by plugin options. -->\n\n<p class=\"has-text-align-right\">SAN PEDRO, 29 DE SETIEMBRE DE 2022<\/p>\n\n\n\n<p>Comunicamos a todo nuestro personal de Empaque, Rurales y&nbsp; Recolectores Temporarios, QUE EL D\u00cdA 30 DE OCTUBRE&nbsp; DE 2022 aproximadamente se iniciar\u00e1 la temporada de durazno, debiendo presentarse en el lugar de trabajo en el Camino al Aeroclub, Paraje Villa Jard\u00edn, del Partido de San Pedro (B), en el horario de 07hs, para comenzar con sus tareas en la presente temporada y traer la libreta del trabajador rural Ley 25.191 sin excepci\u00f3n. Quedan Uds., debidamente notificados, conforme lo establecen los C.C.T. aplicable y Legislaci\u00f3n vigente.-<\/p>\n\n\n\n<p>Deber\u00e1n expresar fehacientemente su disposici\u00f3n para comenzar sus tareas hasta el d\u00eda 14 de Octubre de 2022 en las oficinas ubicadas en el Camino al Aeroclub, Paraje Villa Jard\u00edn, del Partido de San Pedro (B), en horario de 08hs a 12hs.-<\/p>\n\n\n\n<p class=\"has-text-align-center\">VIVEROS EL PAMPERO S.R.L.<\/p>\n\n\n\n<p>(Publicaci\u00f3n V\u00e1lida por tres d\u00edas desde el 29 de septiembre al 01 de octubre de 2022)<\/p>\n","protected":false},"excerpt":{"rendered":"<p>SAN PEDRO, 29 DE SETIEMBRE DE 2022 Comunicamos a todo nuestro personal de Empaque, Rurales y&nbsp; Recolectores Temporarios, QUE EL D\u00cdA 30 DE OCTUBRE&nbsp; DE 2022 aproximadamente se iniciar\u00e1 la temporada de durazno, debiendo presentarse en el lugar de trabajo en el Camino al Aeroclub, Paraje Villa Jard\u00edn, del Partido de San Pedro (B), en [&hellip;]<\/p>\n","protected":false},"author":4,"featured_media":111098,"comment_status":"closed","ping_status":"closed","sticky":false,"template":"","format":"standard","meta":{"om_disable_all_campaigns":false,"_jetpack_memberships_contains_paid_content":false,"footnotes":""},"categories":[678,676],"tags":[197,1121,19],"class_list":["post-111097","post","type-post","status-publish","format-standard","has-post-thumbnail","hentry","category-convocatorias","category-edictos","tag-buenos-aires","tag-edicto","tag-san-pedro"],"aioseo_notices":[],"gutentor_comment":0,"jetpack_featured_media_url":"https:\/\/eldiariodesanpedro.com.ar\/sitio\/wp-content\/uploads\/2022\/09\/El-Pampero-Convocatoria-29-09-2022.jpg","jetpack_shortlink":"https:\/\/wp.me\/p6RhLt-sTT","jetpack_sharing_enabled":true,"_links":{"self":[{"href":"https:\/\/eldiariodesanpedro.com.ar\/sitio\/wp-json\/wp\/v2\/posts\/111097","targetHints":{"allow":["GET"]}}],"collection":[{"href":"https:\/\/eldiariodesanpedro.com.ar\/sitio\/wp-json\/wp\/v2\/posts"}],"about":[{"href":"https:\/\/eldiariodesanpedro.com.ar\/sitio\/wp-json\/wp\/v2\/types\/post"}],"author":[{"embeddable":true,"href":"https:\/\/eldiariodesanpedro.com.ar\/sitio\/wp-json\/wp\/v2\/users\/4"}],"replies":[{"embeddable":true,"href":"https:\/\/eldiariodesanpedro.com.ar\/sitio\/wp-json\/wp\/v2\/comments?post=111097"}],"version-history":[{"count":1,"href":"https:\/\/eldiariodesanpedro.com.ar\/sitio\/wp-json\/wp\/v2\/posts\/111097\/revisions"}],"predecessor-version":[{"id":111099,"href":"https:\/\/eldiariodesanpedro.com.ar\/sitio\/wp-json\/wp\/v2\/posts\/111097\/revisions\/111099"}],"wp:featuredmedia":[{"embeddable":true,"href":"https:\/\/eldiariodesanpedro.com.ar\/sitio\/wp-json\/wp\/v2\/media\/111098"}],"wp:attachment":[{"href":"https:\/\/eldiariodesanpedro.com.ar\/sitio\/wp-json\/wp\/v2\/media?parent=111097"}],"wp:term":[{"taxonomy":"category","embeddable":true,"href":"https:\/\/eldiariodesanpedro.com.ar\/sitio\/wp-json\/wp\/v2\/categories?post=111097"},{"taxonomy":"post_tag","embeddable":true,"href":"https:\/\/eldiariodesanpedro.com.ar\/sitio\/wp-json\/wp\/v2\/tags?post=111097"}],"curies":[{"name":"wp","href":"https:\/\/api.w.org\/{rel}","templated":true}]}}