{"id":111088,"date":"2022-09-29T16:49:13","date_gmt":"2022-09-29T19:49:13","guid":{"rendered":"https:\/\/eldiariodesanpedro.com.ar\/sitio\/?p=111088"},"modified":"2022-09-29T16:49:14","modified_gmt":"2022-09-29T19:49:14","slug":"edicto-de-bueno-pedro-hector-y-cafiere-elba-lucia-s-usucapion","status":"publish","type":"post","link":"https:\/\/eldiariodesanpedro.com.ar\/sitio\/edicto-de-bueno-pedro-hector-y-cafiere-elba-lucia-s-usucapion\/","title":{"rendered":"Edicto de Bueno Pedro Hector Y Cafiere Elba Lucia S. Usucapi\u00f3n"},"content":{"rendered":"<!-- VideographyWP Plugin Message: Automatic video embedding prevented by plugin options. -->\n\n<p>El Juzgado de Paz Letrado de San Pedro, Secretar\u00eda \u00danica, en autos \u201c<strong>Bueno Pedro Hector Y Cafiere Elba Lucia S. Usucapion<\/strong>\u201d Expte. 27798 cita y emplaza a FILOMENA BUENO y LAURENZA y a quienes se consideren con derecho al inmueble cuya usucapi\u00f3n se pretende: Un lote de 158 m2. Circ.1, Sec J, Qta 134, Fracc 1, Par 6 de San Pedro, Partida 099-000315-7 para que dentro del plazo de diez d\u00edas comparezcan a estos autos a estar a derecho bajo apercibimiento de que si no lo hicieren se nombrar\u00e1 Defensor Oficial para que los represente (arts. 681 y 682 C.P.C.C). San Pedro, Setiembre de 2022.<\/p>\n\n\n\n<p>FACUNDO VELL\u00d3N<br>ABOGADO SECRETARIO<\/p>\n\n\n\n<p>(Publicaci\u00f3n V\u00e1lida por diez d\u00edas desde el 29 de septiembre al 10 de octubre de 2022)<br><a href=\"https:\/\/notificaciones.scba.gov.ar\/verificarnotificacion.aspx?codNotif=CU5W6K\">https:\/\/notificaciones.scba.gov.ar\/verificarnotificacion.aspx?codNotif=CU5W6K<\/a>&nbsp;<\/p>\n","protected":false},"excerpt":{"rendered":"<p>El Juzgado de Paz Letrado de San Pedro, Secretar\u00eda \u00danica, en autos \u201cBueno Pedro Hector Y Cafiere Elba Lucia S. Usucapion\u201d Expte. 27798 cita y emplaza a FILOMENA BUENO y LAURENZA y a quienes se consideren con derecho al inmueble cuya usucapi\u00f3n se pretende: Un lote de 158 m2. Circ.1, Sec J, Qta 134, Fracc [&hellip;]<\/p>\n","protected":false},"author":4,"featured_media":81115,"comment_status":"closed","ping_status":"closed","sticky":false,"template":"","format":"standard","meta":{"om_disable_all_campaigns":false,"_jetpack_memberships_contains_paid_content":false,"footnotes":""},"categories":[676,1124],"tags":[197,1121,3067,696,1355,19],"class_list":["post-111088","post","type-post","status-publish","format-standard","has-post-thumbnail","hentry","category-edictos","category-edictos-especiales","tag-buenos-aires","tag-edicto","tag-edicto-de-bueno-pedro-hector-y-cafiere-elba-lucia-s-usucapion","tag-interes-general","tag-judiciales","tag-san-pedro"],"aioseo_notices":[],"gutentor_comment":0,"jetpack_featured_media_url":"https:\/\/eldiariodesanpedro.com.ar\/sitio\/wp-content\/uploads\/2020\/09\/Poder-Judicial.jpg","jetpack_shortlink":"https:\/\/wp.me\/p6RhLt-sTK","jetpack_sharing_enabled":true,"_links":{"self":[{"href":"https:\/\/eldiariodesanpedro.com.ar\/sitio\/wp-json\/wp\/v2\/posts\/111088","targetHints":{"allow":["GET"]}}],"collection":[{"href":"https:\/\/eldiariodesanpedro.com.ar\/sitio\/wp-json\/wp\/v2\/posts"}],"about":[{"href":"https:\/\/eldiariodesanpedro.com.ar\/sitio\/wp-json\/wp\/v2\/types\/post"}],"author":[{"embeddable":true,"href":"https:\/\/eldiariodesanpedro.com.ar\/sitio\/wp-json\/wp\/v2\/users\/4"}],"replies":[{"embeddable":true,"href":"https:\/\/eldiariodesanpedro.com.ar\/sitio\/wp-json\/wp\/v2\/comments?post=111088"}],"version-history":[{"count":1,"href":"https:\/\/eldiariodesanpedro.com.ar\/sitio\/wp-json\/wp\/v2\/posts\/111088\/revisions"}],"predecessor-version":[{"id":111089,"href":"https:\/\/eldiariodesanpedro.com.ar\/sitio\/wp-json\/wp\/v2\/posts\/111088\/revisions\/111089"}],"wp:featuredmedia":[{"embeddable":true,"href":"https:\/\/eldiariodesanpedro.com.ar\/sitio\/wp-json\/wp\/v2\/media\/81115"}],"wp:attachment":[{"href":"https:\/\/eldiariodesanpedro.com.ar\/sitio\/wp-json\/wp\/v2\/media?parent=111088"}],"wp:term":[{"taxonomy":"category","embeddable":true,"href":"https:\/\/eldiariodesanpedro.com.ar\/sitio\/wp-json\/wp\/v2\/categories?post=111088"},{"taxonomy":"post_tag","embeddable":true,"href":"https:\/\/eldiariodesanpedro.com.ar\/sitio\/wp-json\/wp\/v2\/tags?post=111088"}],"curies":[{"name":"wp","href":"https:\/\/api.w.org\/{rel}","templated":true}]}}