{"id":111085,"date":"2022-09-29T16:37:48","date_gmt":"2022-09-29T19:37:48","guid":{"rendered":"https:\/\/eldiariodesanpedro.com.ar\/sitio\/?p=111085"},"modified":"2022-09-29T16:41:59","modified_gmt":"2022-09-29T19:41:59","slug":"edicto-de-boari-osvaldo-jose-c-la-fe-sociedad-en-comandita-por-acciones-s-prescripcion-adquisitiva-vicenal-usucapion","status":"publish","type":"post","link":"https:\/\/eldiariodesanpedro.com.ar\/sitio\/edicto-de-boari-osvaldo-jose-c-la-fe-sociedad-en-comandita-por-acciones-s-prescripcion-adquisitiva-vicenal-usucapion\/","title":{"rendered":"Edicto de Boari, Osvaldo Jose C\/ La Fe Sociedad En Comandita Por Acciones S\/Prescripcion Adquisitiva Vicenal \/ Usucapion"},"content":{"rendered":"<!-- VideographyWP Plugin Message: Automatic video embedding prevented by plugin options. -->\n\n<p>El Juzgado de Paz Letrado de San Pedro, a cargo del Dr. Jos\u00e9 Ignacio Macchia, Secretar\u00eda \u00danica, a cargo del Dr. Facundo Vell\u00f3n, del Departamento Judicial de San Nicol\u00e1s, en autos: <strong>\\Boari, Osvaldo Jose C\/ La Fe Sociedad En Comandita Por Acciones S\/Prescripcion Adquisitiva Vicenal \/ Usucapion <\/strong>&#8211; Expte. N\u00ba SUM-82-22\u201d, cita y emplaza a quienes se consideren con derechos a los inmuebles que se intentan prescribir sito en calle N\u00ba 52 (entre las calles Obligado y Las Heras) de la Ciudad de San Pedro, Provincia de Buenos Aires, cuyos datos son: NOMENCLATURA CATASTRALES: Cir-I, Secc- M, Chacra 38, Manz-38h, Parcelas 14 y 15, Partidas Inmobiliarias N\u00b0 099-19817 y 19818, para que dentro del plazo de diez d\u00edas comparezcan a estos autos a estar a derecho bajo apercibimiento de que si no lo hicieren se nombrar\u00e1 Defensor Oficial para que los represente (arts. 681 y 682 C.P.C.C).- San Pedro, de Septiembre de 2022.-<\/p>\n\n\n\n<p>FACUNDO VELL\u00d3N<br>ABOGADO SECRETARIO<\/p>\n\n\n\n<p>(Publicaci\u00f3n V\u00e1lida por los d\u00edas\u00a0 29 y 30 de septiembre, y 01 de octubre de 2022)<br><a href=\"https:\/\/notificaciones.scba.gov.ar\/verificarnotificacion.aspx?codNotif=AD9PV0\">https:\/\/notificaciones.scba.gov.ar\/verificarnotificacion.aspx?codNotif=AD9PV0<\/a>\u00a0<\/p>\n","protected":false},"excerpt":{"rendered":"<p>El Juzgado de Paz Letrado de San Pedro, a cargo del Dr. Jos\u00e9 Ignacio Macchia, Secretar\u00eda \u00danica, a cargo del Dr. Facundo Vell\u00f3n, del Departamento Judicial de San Nicol\u00e1s, en autos: \\Boari, Osvaldo Jose C\/ La Fe Sociedad En Comandita Por Acciones S\/Prescripcion Adquisitiva Vicenal \/ Usucapion &#8211; Expte. N\u00ba SUM-82-22\u201d, cita y emplaza a [&hellip;]<\/p>\n","protected":false},"author":4,"featured_media":81115,"comment_status":"closed","ping_status":"closed","sticky":false,"template":"","format":"standard","meta":{"om_disable_all_campaigns":false,"_jetpack_memberships_contains_paid_content":false,"footnotes":""},"categories":[676,1124],"tags":[197,1121,1355,33,19,1122],"class_list":["post-111085","post","type-post","status-publish","format-standard","has-post-thumbnail","hentry","category-edictos","category-edictos-especiales","tag-buenos-aires","tag-edicto","tag-judiciales","tag-locales","tag-san-pedro","tag-sucesion"],"aioseo_notices":[],"gutentor_comment":0,"jetpack_featured_media_url":"https:\/\/eldiariodesanpedro.com.ar\/sitio\/wp-content\/uploads\/2020\/09\/Poder-Judicial.jpg","jetpack_shortlink":"https:\/\/wp.me\/p6RhLt-sTH","jetpack_sharing_enabled":true,"_links":{"self":[{"href":"https:\/\/eldiariodesanpedro.com.ar\/sitio\/wp-json\/wp\/v2\/posts\/111085","targetHints":{"allow":["GET"]}}],"collection":[{"href":"https:\/\/eldiariodesanpedro.com.ar\/sitio\/wp-json\/wp\/v2\/posts"}],"about":[{"href":"https:\/\/eldiariodesanpedro.com.ar\/sitio\/wp-json\/wp\/v2\/types\/post"}],"author":[{"embeddable":true,"href":"https:\/\/eldiariodesanpedro.com.ar\/sitio\/wp-json\/wp\/v2\/users\/4"}],"replies":[{"embeddable":true,"href":"https:\/\/eldiariodesanpedro.com.ar\/sitio\/wp-json\/wp\/v2\/comments?post=111085"}],"version-history":[{"count":2,"href":"https:\/\/eldiariodesanpedro.com.ar\/sitio\/wp-json\/wp\/v2\/posts\/111085\/revisions"}],"predecessor-version":[{"id":111087,"href":"https:\/\/eldiariodesanpedro.com.ar\/sitio\/wp-json\/wp\/v2\/posts\/111085\/revisions\/111087"}],"wp:featuredmedia":[{"embeddable":true,"href":"https:\/\/eldiariodesanpedro.com.ar\/sitio\/wp-json\/wp\/v2\/media\/81115"}],"wp:attachment":[{"href":"https:\/\/eldiariodesanpedro.com.ar\/sitio\/wp-json\/wp\/v2\/media?parent=111085"}],"wp:term":[{"taxonomy":"category","embeddable":true,"href":"https:\/\/eldiariodesanpedro.com.ar\/sitio\/wp-json\/wp\/v2\/categories?post=111085"},{"taxonomy":"post_tag","embeddable":true,"href":"https:\/\/eldiariodesanpedro.com.ar\/sitio\/wp-json\/wp\/v2\/tags?post=111085"}],"curies":[{"name":"wp","href":"https:\/\/api.w.org\/{rel}","templated":true}]}}