{"id":111082,"date":"2022-09-29T13:52:37","date_gmt":"2022-09-29T16:52:37","guid":{"rendered":"https:\/\/eldiariodesanpedro.com.ar\/sitio\/?p=111082"},"modified":"2022-09-29T13:52:39","modified_gmt":"2022-09-29T16:52:39","slug":"la-policia-secuestra-un-automovil-falcon-robado-en-capital","status":"publish","type":"post","link":"https:\/\/eldiariodesanpedro.com.ar\/sitio\/la-policia-secuestra-un-automovil-falcon-robado-en-capital\/","title":{"rendered":"La polic\u00eda secuestra un autom\u00f3vil Falc\u00f3n Robado en capital"},"content":{"rendered":"<!-- VideographyWP Plugin Message: Automatic video embedding prevented by plugin options. -->\n\n<p>En la ma\u00f1ana del d\u00eda mi\u00e9rcoles, promediando las 12:00 horas, la polic\u00eda tras tomar conocimiento en sede policial por parte de un ciudadano oriundo de Capital Federal, de 35 a\u00f1os de edad, que con fecha 14\/02\/2020 en la ciudad de BS.AS. CABA, le sustrajeron un autom\u00f3vil de marca Ford Falc\u00f3n, de color rojo.<\/p>\n\n\n\n<p>Por lo que personal de GTO procede a la incautaci\u00f3n del veh\u00edculo hallandose con la numeraci\u00f3n de motor y chasis adulterado, ubicado en el domicilio, sito calle Olivera Cesar Nro. 1400, donde reside una persona de 41 a\u00f1os de edad.<\/p>\n\n\n\n<p>Interviene UFI 07 local, la cual dispuso que el rodado permanezca secuestrado fines de realicen las pericias correspondientes.-<\/p>\n","protected":false},"excerpt":{"rendered":"<p>En la ma\u00f1ana del d\u00eda mi\u00e9rcoles, promediando las 12:00 horas, la polic\u00eda tras tomar conocimiento en sede policial por parte de un ciudadano oriundo de Capital Federal, de 35 a\u00f1os de edad, que con fecha 14\/02\/2020 en la ciudad de BS.AS. CABA, le sustrajeron un autom\u00f3vil de marca Ford Falc\u00f3n, de color rojo. Por lo [&hellip;]<\/p>\n","protected":false},"author":4,"featured_media":111083,"comment_status":"closed","ping_status":"closed","sticky":false,"template":"","format":"standard","meta":{"om_disable_all_campaigns":false,"_jetpack_memberships_contains_paid_content":false,"footnotes":""},"categories":[2,103],"tags":[197,33,95,19],"class_list":["post-111082","post","type-post","status-publish","format-standard","has-post-thumbnail","hentry","category-locales","category-policiales-locales","tag-buenos-aires","tag-locales","tag-policiales","tag-san-pedro"],"aioseo_notices":[],"gutentor_comment":0,"jetpack_featured_media_url":"https:\/\/eldiariodesanpedro.com.ar\/sitio\/wp-content\/uploads\/2022\/09\/3-2.png","jetpack_shortlink":"https:\/\/wp.me\/p6RhLt-sTE","jetpack_sharing_enabled":true,"_links":{"self":[{"href":"https:\/\/eldiariodesanpedro.com.ar\/sitio\/wp-json\/wp\/v2\/posts\/111082","targetHints":{"allow":["GET"]}}],"collection":[{"href":"https:\/\/eldiariodesanpedro.com.ar\/sitio\/wp-json\/wp\/v2\/posts"}],"about":[{"href":"https:\/\/eldiariodesanpedro.com.ar\/sitio\/wp-json\/wp\/v2\/types\/post"}],"author":[{"embeddable":true,"href":"https:\/\/eldiariodesanpedro.com.ar\/sitio\/wp-json\/wp\/v2\/users\/4"}],"replies":[{"embeddable":true,"href":"https:\/\/eldiariodesanpedro.com.ar\/sitio\/wp-json\/wp\/v2\/comments?post=111082"}],"version-history":[{"count":1,"href":"https:\/\/eldiariodesanpedro.com.ar\/sitio\/wp-json\/wp\/v2\/posts\/111082\/revisions"}],"predecessor-version":[{"id":111084,"href":"https:\/\/eldiariodesanpedro.com.ar\/sitio\/wp-json\/wp\/v2\/posts\/111082\/revisions\/111084"}],"wp:featuredmedia":[{"embeddable":true,"href":"https:\/\/eldiariodesanpedro.com.ar\/sitio\/wp-json\/wp\/v2\/media\/111083"}],"wp:attachment":[{"href":"https:\/\/eldiariodesanpedro.com.ar\/sitio\/wp-json\/wp\/v2\/media?parent=111082"}],"wp:term":[{"taxonomy":"category","embeddable":true,"href":"https:\/\/eldiariodesanpedro.com.ar\/sitio\/wp-json\/wp\/v2\/categories?post=111082"},{"taxonomy":"post_tag","embeddable":true,"href":"https:\/\/eldiariodesanpedro.com.ar\/sitio\/wp-json\/wp\/v2\/tags?post=111082"}],"curies":[{"name":"wp","href":"https:\/\/api.w.org\/{rel}","templated":true}]}}