{"id":111057,"date":"2022-09-29T12:08:13","date_gmt":"2022-09-29T15:08:13","guid":{"rendered":"https:\/\/eldiariodesanpedro.com.ar\/sitio\/?p=111057"},"modified":"2022-09-29T12:08:15","modified_gmt":"2022-09-29T15:08:15","slug":"ultimos-dias-para-la-inscripcion-de-comercios-al-programa-de-apoyo-para-la-reactivacion-de-la-economia-local","status":"publish","type":"post","link":"https:\/\/eldiariodesanpedro.com.ar\/sitio\/ultimos-dias-para-la-inscripcion-de-comercios-al-programa-de-apoyo-para-la-reactivacion-de-la-economia-local\/","title":{"rendered":"\u00daltimos d\u00edas para la inscripci\u00f3n de comercios al programa de Apoyo para la Reactivaci\u00f3n de la Econom\u00eda local"},"content":{"rendered":"<!-- VideographyWP Plugin Message: Automatic video embedding prevented by plugin options. -->\n\n<p>Este viernes 30 de septiembre finaliza la inscripci\u00f3n al programa de apoyo a los comercios lanzado por la Municipalidad de San Pedro, a trav\u00e9s de la Secretar\u00eda de Desarrollo Econ\u00f3mico que consta de una entrega de 300 mil pesos como aporte no reembolsable que podr\u00e1 ser destinado a la adquisici\u00f3n de mobiliario, refacciones edilicias, compra de insumos o herramientas relacionadas con la actividad que desarrollen.<\/p>\n\n\n\n<p>Aquellos comercios que est\u00e9n debidamente habilitados por la Direcci\u00f3n de Rentas y cumplan con los requisitos establecidos podr\u00e1n inscribirse a trav\u00e9s de la Secretar\u00eda ubicada en Mitre 275. Luego de cerrada la inscripci\u00f3n, en el caso de resultar inscriptos m\u00e1s de 20 comercios los beneficiarios ser\u00e1n seleccionados mediante sorteo.<\/p>\n\n\n\n<p>Requisitos:<\/p>\n\n\n\n<ul class=\"wp-block-list\"><li>Poseer la correspondiente habilitaci\u00f3n municipal.<\/li><li>Tener las tasas municipales al d\u00eda.<\/li><li>Constancia de Inscripci\u00f3n en AFIP.<\/li><li>Ser monotributista categor\u00eda A, B, C, D, E o F.<\/li><li>Constancia de Inscripci\u00f3n IIBB.<\/li><li>Presentar un proyecto de mejora edilicia o compra de mobiliario para su negocio\/local, o compra de insumos o herramientas para su actividad.<\/li><li>Presentar 2 presupuestos (no se podr\u00e1 incluir mano de obra).<\/li><li>Completar el formulario de inscripci\u00f3n.<\/li><\/ul>\n\n\n\n<p>Quedan excluidos del marco de la convocatoria del presente programa los proyectos destinados a:<\/p>\n\n\n\n<ul class=\"wp-block-list\"><li>Financiaci\u00f3n de deudas. (cr\u00e9ditos, impuestos, cargas sociales).<\/li><li>Pago de alquileres.<\/li><li>Pago de servicios.<\/li><li>Adquisici\u00f3n de bienes usados.<\/li><li>Todo gasto incompatible con el programa.<\/li><li>Aquellas personas que cumplan con cargos p\u00fablicos municipales, provinciales o nacionales.<\/li><li>Familiares directos de los funcionarios municipales, provinciales o nacionales.<\/li><\/ul>\n\n\n\n<p>Para descargar las condiciones generales del programa y el formulario acceder al siguiente link: https:\/\/bit.ly\/3BUYE2U<\/p>\n\n\n\n<p>Por dudas o consultas dirigirse a la Secretar\u00eda de Desarrollo Econ\u00f3mico ubicada en Mitre 275 o a trav\u00e9s del WhatsApp 3329648530.<\/p>\n\n\n\n<figure class=\"wp-block-image size-full\"><img decoding=\"async\" width=\"752\" height=\"630\" data-attachment-id=\"111058\" data-permalink=\"https:\/\/eldiariodesanpedro.com.ar\/sitio\/ultimos-dias-para-la-inscripcion-de-comercios-al-programa-de-apoyo-para-la-reactivacion-de-la-economia-local\/whatsapp-image-2022-09-29-at-09-58-37\/\" data-orig-file=\"https:\/\/eldiariodesanpedro.com.ar\/sitio\/wp-content\/uploads\/2022\/09\/WhatsApp-Image-2022-09-29-at-09.58.37.jpeg\" data-orig-size=\"752,630\" data-comments-opened=\"0\" data-image-meta=\"{&quot;aperture&quot;:&quot;0&quot;,&quot;credit&quot;:&quot;&quot;,&quot;camera&quot;:&quot;&quot;,&quot;caption&quot;:&quot;&quot;,&quot;created_timestamp&quot;:&quot;0&quot;,&quot;copyright&quot;:&quot;&quot;,&quot;focal_length&quot;:&quot;0&quot;,&quot;iso&quot;:&quot;0&quot;,&quot;shutter_speed&quot;:&quot;0&quot;,&quot;title&quot;:&quot;&quot;,&quot;orientation&quot;:&quot;0&quot;}\" data-image-title=\"WhatsApp Image 2022-09-29 at 09.58.37\" data-image-description=\"\" data-image-caption=\"\" data-large-file=\"https:\/\/eldiariodesanpedro.com.ar\/sitio\/wp-content\/uploads\/2022\/09\/WhatsApp-Image-2022-09-29-at-09.58.37.jpeg\" data-src=\"https:\/\/eldiariodesanpedro.com.ar\/sitio\/wp-content\/uploads\/2022\/09\/WhatsApp-Image-2022-09-29-at-09.58.37.jpeg\" alt=\"\" class=\"wp-image-111058 lazyload\" data-srcset=\"https:\/\/eldiariodesanpedro.com.ar\/sitio\/wp-content\/uploads\/2022\/09\/WhatsApp-Image-2022-09-29-at-09.58.37.jpeg 752w, https:\/\/eldiariodesanpedro.com.ar\/sitio\/wp-content\/uploads\/2022\/09\/WhatsApp-Image-2022-09-29-at-09.58.37-300x251.jpeg 300w\" data-sizes=\"(max-width: 752px) 100vw, 752px\" src=\"data:image\/svg+xml;base64,PHN2ZyB3aWR0aD0iMSIgaGVpZ2h0PSIxIiB4bWxucz0iaHR0cDovL3d3dy53My5vcmcvMjAwMC9zdmciPjwvc3ZnPg==\" style=\"--smush-placeholder-width: 752px; --smush-placeholder-aspect-ratio: 752\/630;\" \/><\/figure>\n","protected":false},"excerpt":{"rendered":"<p>Este viernes 30 de septiembre finaliza la inscripci\u00f3n al programa de apoyo a los comercios lanzado por la Municipalidad de San Pedro, a trav\u00e9s de la Secretar\u00eda de Desarrollo Econ\u00f3mico que consta de una entrega de 300 mil pesos como aporte no reembolsable que podr\u00e1 ser destinado a la adquisici\u00f3n de mobiliario, refacciones edilicias, compra [&hellip;]<\/p>\n","protected":false},"author":4,"featured_media":106874,"comment_status":"closed","ping_status":"closed","sticky":false,"template":"","format":"standard","meta":{"om_disable_all_campaigns":false,"_jetpack_memberships_contains_paid_content":false,"footnotes":""},"categories":[815,101,2],"tags":[],"class_list":["post-111057","post","type-post","status-publish","format-standard","has-post-thumbnail","hentry","category-consejo-escolar","category-interes-general-locales","category-locales"],"aioseo_notices":[],"gutentor_comment":0,"jetpack_featured_media_url":"https:\/\/eldiariodesanpedro.com.ar\/sitio\/wp-content\/uploads\/2022\/05\/san-pedro-buenos-aires-3936049418-L.jpg","jetpack_shortlink":"https:\/\/wp.me\/p6RhLt-sTf","jetpack_sharing_enabled":true,"_links":{"self":[{"href":"https:\/\/eldiariodesanpedro.com.ar\/sitio\/wp-json\/wp\/v2\/posts\/111057","targetHints":{"allow":["GET"]}}],"collection":[{"href":"https:\/\/eldiariodesanpedro.com.ar\/sitio\/wp-json\/wp\/v2\/posts"}],"about":[{"href":"https:\/\/eldiariodesanpedro.com.ar\/sitio\/wp-json\/wp\/v2\/types\/post"}],"author":[{"embeddable":true,"href":"https:\/\/eldiariodesanpedro.com.ar\/sitio\/wp-json\/wp\/v2\/users\/4"}],"replies":[{"embeddable":true,"href":"https:\/\/eldiariodesanpedro.com.ar\/sitio\/wp-json\/wp\/v2\/comments?post=111057"}],"version-history":[{"count":1,"href":"https:\/\/eldiariodesanpedro.com.ar\/sitio\/wp-json\/wp\/v2\/posts\/111057\/revisions"}],"predecessor-version":[{"id":111059,"href":"https:\/\/eldiariodesanpedro.com.ar\/sitio\/wp-json\/wp\/v2\/posts\/111057\/revisions\/111059"}],"wp:featuredmedia":[{"embeddable":true,"href":"https:\/\/eldiariodesanpedro.com.ar\/sitio\/wp-json\/wp\/v2\/media\/106874"}],"wp:attachment":[{"href":"https:\/\/eldiariodesanpedro.com.ar\/sitio\/wp-json\/wp\/v2\/media?parent=111057"}],"wp:term":[{"taxonomy":"category","embeddable":true,"href":"https:\/\/eldiariodesanpedro.com.ar\/sitio\/wp-json\/wp\/v2\/categories?post=111057"},{"taxonomy":"post_tag","embeddable":true,"href":"https:\/\/eldiariodesanpedro.com.ar\/sitio\/wp-json\/wp\/v2\/tags?post=111057"}],"curies":[{"name":"wp","href":"https:\/\/api.w.org\/{rel}","templated":true}]}}