{"id":111038,"date":"2022-09-28T18:46:58","date_gmt":"2022-09-28T21:46:58","guid":{"rendered":"https:\/\/eldiariodesanpedro.com.ar\/sitio\/?p=111038"},"modified":"2022-09-28T18:46:59","modified_gmt":"2022-09-28T21:46:59","slug":"asamblea-anual-ordinaria-de-la-asociacion-circulo-medico-de-san-pedro-3","status":"publish","type":"post","link":"https:\/\/eldiariodesanpedro.com.ar\/sitio\/asamblea-anual-ordinaria-de-la-asociacion-circulo-medico-de-san-pedro-3\/","title":{"rendered":"Asamblea Anual Ordinaria de la Asociaci\u00f3n Circulo Medico de San Pedro"},"content":{"rendered":"<!-- VideographyWP Plugin Message: Automatic video embedding prevented by plugin options. -->\n\n<p>LA ASOCIACION CIRCULO MEDICO DE SAN PEDRO tiene el agrado de invitar a sus asociados a la ASAMBLEA ANUAL ORDINARIA que se llevara a cabo en el local de la Entidad calle G\u00fcemes 48, el d\u00eda 24 de octubre de 2022, a las 20.30 hs. en primera citaci\u00f3n y 21.00 hs. en segunda con el siguiente:<\/p>\n\n\n\n<p class=\"has-text-align-center\">ORDEN DEL DIA<\/p>\n\n\n\n<ol class=\"wp-block-list\"><li>Designaci\u00f3n de dos Asambleistas para firmar el acta conjuntamente con el Sr. Presidente.<\/li><li>Lectura y consideraci\u00f3n de la Memoria y aprobaci\u00f3n del Balance del ejercicio comprendido entre el 1 de Junio de 2021 al 31 de Mayo de 2022.<\/li><li>Renovaci\u00f3n de Autoridades y elecci\u00f3n de los siguientes cargos:<br>Vicepresidente por dos a\u00f1os en reemplazo del Dr. Gutierrez Carlos por terminaci\u00f3n de su mandato.<br>Secretario por dos a\u00f1os en reemplazo del Dr. Carzino Carlos por terminaci\u00f3n de su mandato.<br>Pro Tesorero por dos a\u00f1os en reemplazo del Dr. Orso Mart\u00edn por terminaci\u00f3n su mandato.<br>Vocal primero por dos a\u00f1os en reemplazo del Dr. Bernasconi Mario por terminaci\u00f3n de su mandato y renuncia.<br>Revisores de cuentas en reemplazo de los Dres. Gerini Mario y Taurizano Ana.<\/li><li>Aprobaci\u00f3n de la gesti\u00f3n de la Comisi\u00f3n Directiva.<\/li><li>Nuevos ingresos.<\/li><\/ol>\n\n\n\n<p>Se informa con relaci\u00f3n al punto 4 que la presentaci\u00f3n de listas se recibir\u00e1 hasta 5 d\u00edas antes de la fecha fijada para la Asamblea seg\u00fan Estatuto.<\/p>\n\n\n\n<p>Para la primera convocatoria, es necesario un qu\u00f3rum de m\u00e1s de la mitad de los asociados con derecho a voto y en segunda convocatoria la asamblea se realiza con cualquier n\u00famero de socios presentes siempre que sea mayor que el de los miembros de la Comisi\u00f3n Directiva.<\/p>\n\n\n\n<p>Dr. Carzino Carlos &#8211; SECRETARIO<br>Dra. Dold\u00e1n Liliana &#8211; PRESIDENTE<\/p>\n","protected":false},"excerpt":{"rendered":"<p>LA ASOCIACION CIRCULO MEDICO DE SAN PEDRO tiene el agrado de invitar a sus asociados a la ASAMBLEA ANUAL ORDINARIA que se llevara a cabo en el local de la Entidad calle G\u00fcemes 48, el d\u00eda 24 de octubre de 2022, a las 20.30 hs. en primera citaci\u00f3n y 21.00 hs. en segunda con el [&hellip;]<\/p>\n","protected":false},"author":4,"featured_media":111039,"comment_status":"closed","ping_status":"closed","sticky":false,"template":"","format":"standard","meta":{"om_disable_all_campaigns":false,"_jetpack_memberships_contains_paid_content":false,"footnotes":""},"categories":[678,676],"tags":[197,33,19],"class_list":["post-111038","post","type-post","status-publish","format-standard","has-post-thumbnail","hentry","category-convocatorias","category-edictos","tag-buenos-aires","tag-locales","tag-san-pedro"],"aioseo_notices":[],"gutentor_comment":0,"jetpack_featured_media_url":"https:\/\/eldiariodesanpedro.com.ar\/sitio\/wp-content\/uploads\/2022\/09\/Circulo-Medico-Convocatoria-2021.jpg","jetpack_shortlink":"https:\/\/wp.me\/p6RhLt-sSW","jetpack_sharing_enabled":true,"_links":{"self":[{"href":"https:\/\/eldiariodesanpedro.com.ar\/sitio\/wp-json\/wp\/v2\/posts\/111038","targetHints":{"allow":["GET"]}}],"collection":[{"href":"https:\/\/eldiariodesanpedro.com.ar\/sitio\/wp-json\/wp\/v2\/posts"}],"about":[{"href":"https:\/\/eldiariodesanpedro.com.ar\/sitio\/wp-json\/wp\/v2\/types\/post"}],"author":[{"embeddable":true,"href":"https:\/\/eldiariodesanpedro.com.ar\/sitio\/wp-json\/wp\/v2\/users\/4"}],"replies":[{"embeddable":true,"href":"https:\/\/eldiariodesanpedro.com.ar\/sitio\/wp-json\/wp\/v2\/comments?post=111038"}],"version-history":[{"count":1,"href":"https:\/\/eldiariodesanpedro.com.ar\/sitio\/wp-json\/wp\/v2\/posts\/111038\/revisions"}],"predecessor-version":[{"id":111040,"href":"https:\/\/eldiariodesanpedro.com.ar\/sitio\/wp-json\/wp\/v2\/posts\/111038\/revisions\/111040"}],"wp:featuredmedia":[{"embeddable":true,"href":"https:\/\/eldiariodesanpedro.com.ar\/sitio\/wp-json\/wp\/v2\/media\/111039"}],"wp:attachment":[{"href":"https:\/\/eldiariodesanpedro.com.ar\/sitio\/wp-json\/wp\/v2\/media?parent=111038"}],"wp:term":[{"taxonomy":"category","embeddable":true,"href":"https:\/\/eldiariodesanpedro.com.ar\/sitio\/wp-json\/wp\/v2\/categories?post=111038"},{"taxonomy":"post_tag","embeddable":true,"href":"https:\/\/eldiariodesanpedro.com.ar\/sitio\/wp-json\/wp\/v2\/tags?post=111038"}],"curies":[{"name":"wp","href":"https:\/\/api.w.org\/{rel}","templated":true}]}}