{"id":110950,"date":"2022-09-26T21:51:57","date_gmt":"2022-09-27T00:51:57","guid":{"rendered":"https:\/\/eldiariodesanpedro.com.ar\/sitio\/?p=110950"},"modified":"2022-09-26T21:51:58","modified_gmt":"2022-09-27T00:51:58","slug":"el-intendente-recibio-a-estudiantes-de-la-escuela-501-luego-de-su-destacada-participacion-en-la-22-feria-regional-de-ciencia-arte-y-tecnologia","status":"publish","type":"post","link":"https:\/\/eldiariodesanpedro.com.ar\/sitio\/el-intendente-recibio-a-estudiantes-de-la-escuela-501-luego-de-su-destacada-participacion-en-la-22-feria-regional-de-ciencia-arte-y-tecnologia\/","title":{"rendered":"El Intendente recibi\u00f3 a estudiantes de la Escuela 501 luego de su destacada participaci\u00f3n en la 22\u00b0 Feria Regional de Ciencia, Arte y Tecnolog\u00eda"},"content":{"rendered":"<!-- VideographyWP Plugin Message: Automatic video embedding prevented by plugin options. -->\n\n<p>Este viernes, como parte de un proyecto educativo ambiental que llevan adelante los estudiantes de la Escuela de Educaci\u00f3n Especial N\u00b0 501, representados por Benicio Butti y Felipe N\u00fa\u00f1ez visitaron el despacho oficial y fueron recibidos por el Intendente Municipal Ram\u00f3n Salazar luego de su participaci\u00f3n en la 22\u00b0 Feria Regional de Ciencia, Arte y Tecnolog\u00eda realizada en la ciudad de Villa Ramallo, con su Proyecto Concientizar donde expusieron la investigaci\u00f3n realizada y lograron destacarse, recibiendo menciones de reconocimiento por su trabajo adem\u00e1s de la posibilidad de representar a la ciudad y la regi\u00f3n en la Feria Provincial de Ciencia, Arte y Tecnolog\u00eda en la Ciudad de Mar de Plata.<\/p>\n\n\n\n<p>Participaron del encuentro la Secretaria de Turismo y Cultura, Marcela Cu\u00f1er, la Inspectora de Educaci\u00f3n Especial, Mar\u00eda Magdalena Mestre, el Director de la Instituci\u00f3n, Carlos Achucarro y las docentes Jorgelina Pires y Guadalupe Ju\u00e1rez.<\/p>\n\n\n\n<figure class=\"wp-block-image size-full\"><img decoding=\"async\" width=\"840\" height=\"630\" data-attachment-id=\"110953\" data-permalink=\"https:\/\/eldiariodesanpedro.com.ar\/sitio\/el-intendente-recibio-a-estudiantes-de-la-escuela-501-luego-de-su-destacada-participacion-en-la-22-feria-regional-de-ciencia-arte-y-tecnologia\/whatsapp-image-2022-09-23-at-16-56-28-1\/\" data-orig-file=\"https:\/\/eldiariodesanpedro.com.ar\/sitio\/wp-content\/uploads\/2022\/09\/WhatsApp-Image-2022-09-23-at-16.56.28-1.jpeg\" data-orig-size=\"840,630\" data-comments-opened=\"0\" data-image-meta=\"{&quot;aperture&quot;:&quot;0&quot;,&quot;credit&quot;:&quot;&quot;,&quot;camera&quot;:&quot;&quot;,&quot;caption&quot;:&quot;&quot;,&quot;created_timestamp&quot;:&quot;0&quot;,&quot;copyright&quot;:&quot;&quot;,&quot;focal_length&quot;:&quot;0&quot;,&quot;iso&quot;:&quot;0&quot;,&quot;shutter_speed&quot;:&quot;0&quot;,&quot;title&quot;:&quot;&quot;,&quot;orientation&quot;:&quot;0&quot;}\" data-image-title=\"WhatsApp Image 2022-09-23 at 16.56.28 (1)\" data-image-description=\"\" data-image-caption=\"\" data-large-file=\"https:\/\/eldiariodesanpedro.com.ar\/sitio\/wp-content\/uploads\/2022\/09\/WhatsApp-Image-2022-09-23-at-16.56.28-1.jpeg\" data-src=\"https:\/\/eldiariodesanpedro.com.ar\/sitio\/wp-content\/uploads\/2022\/09\/WhatsApp-Image-2022-09-23-at-16.56.28-1.jpeg\" alt=\"\" class=\"wp-image-110953 lazyload\" data-srcset=\"https:\/\/eldiariodesanpedro.com.ar\/sitio\/wp-content\/uploads\/2022\/09\/WhatsApp-Image-2022-09-23-at-16.56.28-1.jpeg 840w, https:\/\/eldiariodesanpedro.com.ar\/sitio\/wp-content\/uploads\/2022\/09\/WhatsApp-Image-2022-09-23-at-16.56.28-1-300x225.jpeg 300w, https:\/\/eldiariodesanpedro.com.ar\/sitio\/wp-content\/uploads\/2022\/09\/WhatsApp-Image-2022-09-23-at-16.56.28-1-768x576.jpeg 768w, https:\/\/eldiariodesanpedro.com.ar\/sitio\/wp-content\/uploads\/2022\/09\/WhatsApp-Image-2022-09-23-at-16.56.28-1-272x204.jpeg 272w\" data-sizes=\"(max-width: 840px) 100vw, 840px\" src=\"data:image\/svg+xml;base64,PHN2ZyB3aWR0aD0iMSIgaGVpZ2h0PSIxIiB4bWxucz0iaHR0cDovL3d3dy53My5vcmcvMjAwMC9zdmciPjwvc3ZnPg==\" style=\"--smush-placeholder-width: 840px; --smush-placeholder-aspect-ratio: 840\/630;\" \/><\/figure>\n\n\n\n<figure class=\"wp-block-image size-full\"><img decoding=\"async\" width=\"840\" height=\"630\" data-attachment-id=\"110952\" data-permalink=\"https:\/\/eldiariodesanpedro.com.ar\/sitio\/el-intendente-recibio-a-estudiantes-de-la-escuela-501-luego-de-su-destacada-participacion-en-la-22-feria-regional-de-ciencia-arte-y-tecnologia\/whatsapp-image-2022-09-23-at-16-56-28\/\" data-orig-file=\"https:\/\/eldiariodesanpedro.com.ar\/sitio\/wp-content\/uploads\/2022\/09\/WhatsApp-Image-2022-09-23-at-16.56.28.jpeg\" data-orig-size=\"840,630\" data-comments-opened=\"0\" data-image-meta=\"{&quot;aperture&quot;:&quot;0&quot;,&quot;credit&quot;:&quot;&quot;,&quot;camera&quot;:&quot;&quot;,&quot;caption&quot;:&quot;&quot;,&quot;created_timestamp&quot;:&quot;0&quot;,&quot;copyright&quot;:&quot;&quot;,&quot;focal_length&quot;:&quot;0&quot;,&quot;iso&quot;:&quot;0&quot;,&quot;shutter_speed&quot;:&quot;0&quot;,&quot;title&quot;:&quot;&quot;,&quot;orientation&quot;:&quot;0&quot;}\" data-image-title=\"WhatsApp Image 2022-09-23 at 16.56.28\" data-image-description=\"\" data-image-caption=\"\" data-large-file=\"https:\/\/eldiariodesanpedro.com.ar\/sitio\/wp-content\/uploads\/2022\/09\/WhatsApp-Image-2022-09-23-at-16.56.28.jpeg\" data-src=\"https:\/\/eldiariodesanpedro.com.ar\/sitio\/wp-content\/uploads\/2022\/09\/WhatsApp-Image-2022-09-23-at-16.56.28.jpeg\" alt=\"\" class=\"wp-image-110952 lazyload\" data-srcset=\"https:\/\/eldiariodesanpedro.com.ar\/sitio\/wp-content\/uploads\/2022\/09\/WhatsApp-Image-2022-09-23-at-16.56.28.jpeg 840w, https:\/\/eldiariodesanpedro.com.ar\/sitio\/wp-content\/uploads\/2022\/09\/WhatsApp-Image-2022-09-23-at-16.56.28-300x225.jpeg 300w, https:\/\/eldiariodesanpedro.com.ar\/sitio\/wp-content\/uploads\/2022\/09\/WhatsApp-Image-2022-09-23-at-16.56.28-768x576.jpeg 768w, https:\/\/eldiariodesanpedro.com.ar\/sitio\/wp-content\/uploads\/2022\/09\/WhatsApp-Image-2022-09-23-at-16.56.28-272x204.jpeg 272w\" data-sizes=\"(max-width: 840px) 100vw, 840px\" src=\"data:image\/svg+xml;base64,PHN2ZyB3aWR0aD0iMSIgaGVpZ2h0PSIxIiB4bWxucz0iaHR0cDovL3d3dy53My5vcmcvMjAwMC9zdmciPjwvc3ZnPg==\" style=\"--smush-placeholder-width: 840px; --smush-placeholder-aspect-ratio: 840\/630;\" \/><\/figure>\n","protected":false},"excerpt":{"rendered":"<p>Este viernes, como parte de un proyecto educativo ambiental que llevan adelante los estudiantes de la Escuela de Educaci\u00f3n Especial N\u00b0 501, representados por Benicio Butti y Felipe N\u00fa\u00f1ez visitaron el despacho oficial y fueron recibidos por el Intendente Municipal Ram\u00f3n Salazar luego de su participaci\u00f3n en la 22\u00b0 Feria Regional de Ciencia, Arte y [&hellip;]<\/p>\n","protected":false},"author":4,"featured_media":110951,"comment_status":"closed","ping_status":"closed","sticky":false,"template":"","format":"standard","meta":{"om_disable_all_campaigns":false,"_jetpack_memberships_contains_paid_content":false,"footnotes":""},"categories":[101,2],"tags":[197,696,33,19],"class_list":["post-110950","post","type-post","status-publish","format-standard","has-post-thumbnail","hentry","category-interes-general-locales","category-locales","tag-buenos-aires","tag-interes-general","tag-locales","tag-san-pedro"],"aioseo_notices":[],"gutentor_comment":0,"jetpack_featured_media_url":"https:\/\/eldiariodesanpedro.com.ar\/sitio\/wp-content\/uploads\/2022\/09\/WhatsApp-Image-2022-09-23-at-16.56.27.jpeg","jetpack_shortlink":"https:\/\/wp.me\/p6RhLt-sRw","jetpack_sharing_enabled":true,"_links":{"self":[{"href":"https:\/\/eldiariodesanpedro.com.ar\/sitio\/wp-json\/wp\/v2\/posts\/110950","targetHints":{"allow":["GET"]}}],"collection":[{"href":"https:\/\/eldiariodesanpedro.com.ar\/sitio\/wp-json\/wp\/v2\/posts"}],"about":[{"href":"https:\/\/eldiariodesanpedro.com.ar\/sitio\/wp-json\/wp\/v2\/types\/post"}],"author":[{"embeddable":true,"href":"https:\/\/eldiariodesanpedro.com.ar\/sitio\/wp-json\/wp\/v2\/users\/4"}],"replies":[{"embeddable":true,"href":"https:\/\/eldiariodesanpedro.com.ar\/sitio\/wp-json\/wp\/v2\/comments?post=110950"}],"version-history":[{"count":1,"href":"https:\/\/eldiariodesanpedro.com.ar\/sitio\/wp-json\/wp\/v2\/posts\/110950\/revisions"}],"predecessor-version":[{"id":110954,"href":"https:\/\/eldiariodesanpedro.com.ar\/sitio\/wp-json\/wp\/v2\/posts\/110950\/revisions\/110954"}],"wp:featuredmedia":[{"embeddable":true,"href":"https:\/\/eldiariodesanpedro.com.ar\/sitio\/wp-json\/wp\/v2\/media\/110951"}],"wp:attachment":[{"href":"https:\/\/eldiariodesanpedro.com.ar\/sitio\/wp-json\/wp\/v2\/media?parent=110950"}],"wp:term":[{"taxonomy":"category","embeddable":true,"href":"https:\/\/eldiariodesanpedro.com.ar\/sitio\/wp-json\/wp\/v2\/categories?post=110950"},{"taxonomy":"post_tag","embeddable":true,"href":"https:\/\/eldiariodesanpedro.com.ar\/sitio\/wp-json\/wp\/v2\/tags?post=110950"}],"curies":[{"name":"wp","href":"https:\/\/api.w.org\/{rel}","templated":true}]}}