{"id":110948,"date":"2022-09-26T21:39:49","date_gmt":"2022-09-27T00:39:49","guid":{"rendered":"https:\/\/eldiariodesanpedro.com.ar\/sitio\/?p=110948"},"modified":"2022-09-26T21:39:51","modified_gmt":"2022-09-27T00:39:51","slug":"edicto-de-blanco-rodrigo-uriel-s-abrigo","status":"publish","type":"post","link":"https:\/\/eldiariodesanpedro.com.ar\/sitio\/edicto-de-blanco-rodrigo-uriel-s-abrigo\/","title":{"rendered":"Edicto de Blanco Rodrigo Uriel S\/ Abrigo"},"content":{"rendered":"<!-- VideographyWP Plugin Message: Automatic video embedding prevented by plugin options. -->\n\n<p>A saber:\\San Nicol\u00e1s 21 de septiembre de 2022.- \u2026RESUELVO: 1) DISPONER audiencia por MT con la Suscripta , el Equipo T\u00e9cnico del Juzgado, la Sra. Asesora de Incapaces y con personal del organismo administrativo interviniente para el d\u00eda 8 DE NOVIEMBRE DEL 2022 A LAS 11.30 hs; a la que deber\u00e1 comparecer el progenitor de R. U, Sr. BLANCO ROBERTO OMAR &#8211; con abogado que lo patrocine bajo apercibimiento de resolver sobre el estado de abandono y de adoptabilidad de su hijo R. U. Blanco, acorde art. 12 ley 14528, haci\u00e9ndole saber asimismo que deber\u00e1 constituir domicilio dentro del radio del Juzgado, en el que se considerar\u00e1n v\u00e1lidas todas las notificaciones, y que en caso que no tener recursos para contratar un abogado de la matr\u00edcula, les asiste el derecho de hacerse defender por el Defensor Oficial. acorde art. 12 ley 14528. La misma se llevar\u00e1 a cabo en la Sede del Servicio Local interviniente sito en calle Oliveira Cesar 280 de San Pedro, y por Microsoft Teams, \u00fanica herramienta habilitada por la SCBA, debiendo denunciarse con 48 hs de antelaci\u00f3n a la misma necesariamente: correo electr\u00f3nico y el n\u00famero de abonado telef\u00f3nico de las partes intervinientes, siendo \u00e9stos requisitos indispensables para su celebraci\u00f3n. .- NOTIFIQUESE POR EDICTO JUDICIAL a publicarse por un d\u00eda en el Bolet\u00edn Judicial y por tres d\u00edas en el \u201cDiario Local de Baradero\u201d, con transcripci\u00f3n del art. 12 p\u00e1rrafo 3\u00b0 de la Ley 14528 . . . El Juez fijar\u00e1 fecha de audiencia para ser realizada dentro de los tres (3) d\u00edas de recibidos los antecedentes. Se notificar\u00e1 personalmente a padres o familiares de la fecha de la audiencia -con habilitaci\u00f3n de d\u00edas y horas inh\u00e1biles- y se les har\u00e1 saber que deber\u00e1n constituir domicilio dentro del radio del juzgado, en el que se considerar\u00e1n v\u00e1lidas todas las notificaciones, y que en caso de incomparecencia injustificada, se podr\u00e1 declarar la situaci\u00f3n de adoptabilidad del ni\u00f1o, ni\u00f1a o adolescente. Asimismo se les informar\u00e1 que en caso que no tener recursos para contratar un abogado de la matr\u00edcula, les asiste el derecho de hacerse defender por el Defensor Oficial.De todo ello se notificar\u00e1 al Ministerio P\u00fablico con habilitaci\u00f3n de d\u00edas y horas inh\u00e1biles..- Podr\u00e1 asimismo buscar patrocinio de abogado en el Servicio de Asesoramiento Gratuito del Colegio de Abogados Departamental l sito en calle Mitre N\u00b0 133 de San Nicol\u00e1s. 2) FIJESE audiencia por MT con la Suscripta, el Equipo T\u00e9cnico del Juzgado, la Sra. Asesora de Incapaces y con personal del organismo administrativo interviniente para el d\u00eda 8 DE NOVIEMBRE DEL 2022 A LAS 12.30 hs; a la que deber\u00e1 comparecer el hermano de R. U., Sr LEONEL LUCAS GABRIEL CASTAGNOLA &#8211; con abogado que lo patrocine bajo apercibimiento de resolver sobre el estado de abandono y de adoptabilidad de R. U. Blanco acorde art. 12 ley 14528, haci\u00e9ndole saber asimismo que deber\u00e1 constituir domicilio dentro del radio del Juzgado, en el que se considerar\u00e1n v\u00e1lidas todas las notificaciones, y que en caso que no tener recursos para contratar un abogado de la matr\u00edcula, les asiste el derecho de hacerse defender por el Defensor Oficial. acorde art. 12 ley 14528. La misma se llevar\u00e1 a cabo en la Sede del Servicio Local interviniente sito en calle Oliveira Cesar 280 de San Pedro, y por Microsoft Teams, \u00fanica herramienta habilitada por la SCBA, debiendo denunciarse con 48 hs de antelaci\u00f3n a la misma necesariamente: correo electr\u00f3nico y el n\u00famero de abonado telef\u00f3nico de las partes intervinientes, siendo \u00e9stos requisitos indispensables para su celebraci\u00f3n. .- NOTIFIQUESE POR EDICTO JUDICIAL a publicarse por un d\u00eda en el Bolet\u00edn Judicial y por tres d\u00edas en el \u201cDiario Local de Baradero\u201d, con transcripci\u00f3n del art. 12 p\u00e1rrafo 3\u00b0 de la Ley 14528 . . . El Juez fijar\u00e1 fecha de audiencia para ser realizada dentro de los tres (3) d\u00edas de recibidos los antecedentes. Se notificar\u00e1 personalmente a padres o familiares de la fecha de la audiencia -con habilitaci\u00f3n de d\u00edas y horas inh\u00e1biles- y se les har\u00e1 saber que deber\u00e1n constituir domicilio dentro del radio del juzgado, en el que se considerar\u00e1n v\u00e1lidas todas las notificaciones, y que en caso de incomparecencia injustificada, se podr\u00e1 declarar la situaci\u00f3n de adoptabilidad del ni\u00f1o, ni\u00f1a o adolescente. Asimismo se les informar\u00e1 que en caso que no tener recursos para contratar un abogado de la matr\u00edcula, les asiste el derecho de hacerse defender por el Defensor Oficial.De todo ello se notificar\u00e1 al Ministerio P\u00fablico con habilitaci\u00f3n de d\u00edas y horas inh\u00e1biles..- Podr\u00e1 asimismo buscar patrocinio de abogado en el Servicio de Asesoramiento Gratuito del Colegio de Abogados Departamental l sito en calle Mitre N\u00b0 133 de San Nicol\u00e1s..- MARIA<\/p>\n\n\n\n<p>ALEJANDRA SIVORI<br>JUEZ DE FAMILIA<\/p>\n\n\n\n<p>(Publicaci\u00f3n V\u00e1lida por los d\u00edas 26, 27 y 28 de septiembre de 2022)<\/p>\n","protected":false},"excerpt":{"rendered":"<p>A saber:\\San Nicol\u00e1s 21 de septiembre de 2022.- \u2026RESUELVO: 1) DISPONER audiencia por MT con la Suscripta , el Equipo T\u00e9cnico del Juzgado, la Sra. Asesora de Incapaces y con personal del organismo administrativo interviniente para el d\u00eda 8 DE NOVIEMBRE DEL 2022 A LAS 11.30 hs; a la que deber\u00e1 comparecer el progenitor de [&hellip;]<\/p>\n","protected":false},"author":4,"featured_media":81115,"comment_status":"closed","ping_status":"closed","sticky":false,"template":"","format":"standard","meta":{"om_disable_all_campaigns":false,"_jetpack_memberships_contains_paid_content":false,"footnotes":""},"categories":[676,1124],"tags":[197,1121,3060,1355,19],"class_list":["post-110948","post","type-post","status-publish","format-standard","has-post-thumbnail","hentry","category-edictos","category-edictos-especiales","tag-buenos-aires","tag-edicto","tag-edicto-de-blanco-rodrigo-uriel-s-abrigo","tag-judiciales","tag-san-pedro"],"aioseo_notices":[],"gutentor_comment":0,"jetpack_featured_media_url":"https:\/\/eldiariodesanpedro.com.ar\/sitio\/wp-content\/uploads\/2020\/09\/Poder-Judicial.jpg","jetpack_shortlink":"https:\/\/wp.me\/p6RhLt-sRu","jetpack_sharing_enabled":true,"_links":{"self":[{"href":"https:\/\/eldiariodesanpedro.com.ar\/sitio\/wp-json\/wp\/v2\/posts\/110948","targetHints":{"allow":["GET"]}}],"collection":[{"href":"https:\/\/eldiariodesanpedro.com.ar\/sitio\/wp-json\/wp\/v2\/posts"}],"about":[{"href":"https:\/\/eldiariodesanpedro.com.ar\/sitio\/wp-json\/wp\/v2\/types\/post"}],"author":[{"embeddable":true,"href":"https:\/\/eldiariodesanpedro.com.ar\/sitio\/wp-json\/wp\/v2\/users\/4"}],"replies":[{"embeddable":true,"href":"https:\/\/eldiariodesanpedro.com.ar\/sitio\/wp-json\/wp\/v2\/comments?post=110948"}],"version-history":[{"count":1,"href":"https:\/\/eldiariodesanpedro.com.ar\/sitio\/wp-json\/wp\/v2\/posts\/110948\/revisions"}],"predecessor-version":[{"id":110949,"href":"https:\/\/eldiariodesanpedro.com.ar\/sitio\/wp-json\/wp\/v2\/posts\/110948\/revisions\/110949"}],"wp:featuredmedia":[{"embeddable":true,"href":"https:\/\/eldiariodesanpedro.com.ar\/sitio\/wp-json\/wp\/v2\/media\/81115"}],"wp:attachment":[{"href":"https:\/\/eldiariodesanpedro.com.ar\/sitio\/wp-json\/wp\/v2\/media?parent=110948"}],"wp:term":[{"taxonomy":"category","embeddable":true,"href":"https:\/\/eldiariodesanpedro.com.ar\/sitio\/wp-json\/wp\/v2\/categories?post=110948"},{"taxonomy":"post_tag","embeddable":true,"href":"https:\/\/eldiariodesanpedro.com.ar\/sitio\/wp-json\/wp\/v2\/tags?post=110948"}],"curies":[{"name":"wp","href":"https:\/\/api.w.org\/{rel}","templated":true}]}}