{"id":110927,"date":"2022-09-26T11:43:05","date_gmt":"2022-09-26T14:43:05","guid":{"rendered":"https:\/\/eldiariodesanpedro.com.ar\/sitio\/?p=110927"},"modified":"2022-09-26T11:43:06","modified_gmt":"2022-09-26T14:43:06","slug":"paso-con-exito-la-edicion-2022-del-san-pedro-country-music-festival","status":"publish","type":"post","link":"https:\/\/eldiariodesanpedro.com.ar\/sitio\/paso-con-exito-la-edicion-2022-del-san-pedro-country-music-festival\/","title":{"rendered":"Pas\u00f3 con \u00e9xito la edici\u00f3n 2022 del San Pedro Country Music Festival"},"content":{"rendered":"<!-- VideographyWP Plugin Message: Automatic video embedding prevented by plugin options. -->\n\n<p>Una verdadera multitud disfrut\u00f3 de los m\u00e1s de 60 espect\u00e1culos que pasaron por el escenario principal del Paseo P\u00fablico Municipal adem\u00e1s de todos los fan\u00e1ticos que despu\u00e9s vivieron sus d\u00edas de fervor en San Pedro.<\/p>\n\n\n\n<p>Durante tres d\u00edas la ciudad vibr\u00f3 con la 17ma. edici\u00f3n del San Pedro Country Music Festival. La fiesta comenz\u00f3 el viernes al mediod\u00eda y concluy\u00f3 en la noche del domingo con el despliegue y calidad que viene mostrando desde su creaci\u00f3n.<\/p>\n\n\n\n<p>Se calcula que m\u00e1s de 40 mil personas disfrutaron de los m\u00e1s de 60 espect\u00e1culos que pasaron por el escenario principal del Paseo P\u00fablico Municipal adem\u00e1s de todos los fan\u00e1ticos que despu\u00e9s vivieron sus d\u00edas de fervor en San Pedro.<\/p>\n\n\n\n<p>Grupos de Argentina y otros pa\u00edses fueron protagonistas del regreso del mejor festival country en Sudam\u00e9rica y a la vez otros atractivos generados por el propio p\u00fablico reafirmaron el inter\u00e9s y la convocatoria que genera, entre ellas el show que las\u00a0escuelas de line dance de todo el pa\u00eds ofrecieron juntas por medio de distintas coreograf\u00edas que se bailaron sobre la avenida costanera en las horas previos al inicio de la \u00faltima jornada.<\/p>\n\n\n\n<p>En la primera jornada se presentaron: Rockabilly Tr\u00edo; Los Revival; La Blue&#8217;s Ayres Band; Covernautas; Leyendas; Hot Picking Brothers; Cincinato; Lady Who; Carlos Arcuri &amp; The Dusty Devils; Las Mulas; Soultouch; Syncerus; D&#8217;vintash; The Greens; Deep South Country Music; Valntina Burgue\u00f1o y Sof\u00eda Corbal\u00e1n; Gus Di Bella &amp; Joshua 3 + Tanna Ramponi; Angry Zeta; Three of Kind &#8211; (Chile-Arg) y Pelvis.<\/p>\n\n\n\n<p>El s\u00e1bado actuaron R.J. Gauna One Man Band \u2013 Howard &amp; The Lone Gunmen \u2013 The Dapper Dan Band \u2013 Brene Country &amp; Folk \u2013 Marcos Ferragut y los Mother Fuckers \u2013 Mariano Villano \u2013 Gabriel Gratzer \u2013 Johnny &amp; June (Tributo a Cash) \u2013 Frank Jacket y los de R\u00edo Seco (Chile) \u2013 King Bee \u2013 Flying Carpets \u2013 Charlie Callthrop &amp; Rock Idols \u2013 Fer Couto\u2019s Wandering Souls \u2013 Henry Donati \u2013 Maverick Country Band \u2013 No Bull \u2013 Melody&amp; Co. \u2013 MAX &amp; Line Dance Club \u2013 Fernando Goin \u2013 Johnny Tedesco \u2013 Mack Stevens and The Groove Boys (USA) \u2013 Far West 100% Creedence \u2013 Tennessee Country.<\/p>\n\n\n\n<p>El domingo, la jornada de cierre lo hicieron: All Together 2 (Encuentro de Line Dance en Avenida Costanera) \u2013 Cherry Collins \u00abOrbisongs\u00bb \u2013 Mr. Kite (Tributo Beatles) \u2013 Proyecto Country \u2013 Cosmof\u00e1bfica \u2013 Estaci\u00f3n 39 \u2013 Fogerteam \u2013 Bronco \u2013 Orlando Curti &amp; The Groove Seekers \u2013 Naty Bravo \u2013 La Rockabilera del Sur \u2013 The Smoke Sellers (Uruguay) \u2013 SanFolk \u2013 Los Hijos de Dylan \u2013 Billy La Rocka \u2013 Country Gru\u00f1\u00f3n \u2013 Adrian Tigen \u2013 The Rey Band \u2013 Wanted Country Music \u2013 Countruck (Brasil).<\/p>\n\n\n\n<p>As\u00ed, con el brillo y calidad habitual, pas\u00f3 la edici\u00f3n 2022 del San Pedro Country Music Festival que sin dudas es la gran fiesta musical del territorio bonaerense, y que sin dudas est\u00e1 a la altura de las mejores propuestas del pa\u00eds.<\/p>\n","protected":false},"excerpt":{"rendered":"<p>Una verdadera multitud disfrut\u00f3 de los m\u00e1s de 60 espect\u00e1culos que pasaron por el escenario principal del Paseo P\u00fablico Municipal adem\u00e1s de todos los fan\u00e1ticos que despu\u00e9s vivieron sus d\u00edas de fervor en San Pedro. Durante tres d\u00edas la ciudad vibr\u00f3 con la 17ma. edici\u00f3n del San Pedro Country Music Festival. La fiesta comenz\u00f3 el [&hellip;]<\/p>\n","protected":false},"author":4,"featured_media":110928,"comment_status":"closed","ping_status":"closed","sticky":false,"template":"","format":"standard","meta":{"om_disable_all_campaigns":false,"_jetpack_memberships_contains_paid_content":false,"footnotes":""},"categories":[50,101,2],"tags":[197,696,33,19],"class_list":["post-110927","post","type-post","status-publish","format-standard","has-post-thumbnail","hentry","category-destacadas","category-interes-general-locales","category-locales","tag-buenos-aires","tag-interes-general","tag-locales","tag-san-pedro"],"aioseo_notices":[],"gutentor_comment":0,"jetpack_featured_media_url":"https:\/\/eldiariodesanpedro.com.ar\/sitio\/wp-content\/uploads\/2022\/09\/306794612_5546925665400789_6090477834651943299_n.jpg","jetpack_shortlink":"https:\/\/wp.me\/p6RhLt-sR9","jetpack_sharing_enabled":true,"_links":{"self":[{"href":"https:\/\/eldiariodesanpedro.com.ar\/sitio\/wp-json\/wp\/v2\/posts\/110927","targetHints":{"allow":["GET"]}}],"collection":[{"href":"https:\/\/eldiariodesanpedro.com.ar\/sitio\/wp-json\/wp\/v2\/posts"}],"about":[{"href":"https:\/\/eldiariodesanpedro.com.ar\/sitio\/wp-json\/wp\/v2\/types\/post"}],"author":[{"embeddable":true,"href":"https:\/\/eldiariodesanpedro.com.ar\/sitio\/wp-json\/wp\/v2\/users\/4"}],"replies":[{"embeddable":true,"href":"https:\/\/eldiariodesanpedro.com.ar\/sitio\/wp-json\/wp\/v2\/comments?post=110927"}],"version-history":[{"count":1,"href":"https:\/\/eldiariodesanpedro.com.ar\/sitio\/wp-json\/wp\/v2\/posts\/110927\/revisions"}],"predecessor-version":[{"id":110929,"href":"https:\/\/eldiariodesanpedro.com.ar\/sitio\/wp-json\/wp\/v2\/posts\/110927\/revisions\/110929"}],"wp:featuredmedia":[{"embeddable":true,"href":"https:\/\/eldiariodesanpedro.com.ar\/sitio\/wp-json\/wp\/v2\/media\/110928"}],"wp:attachment":[{"href":"https:\/\/eldiariodesanpedro.com.ar\/sitio\/wp-json\/wp\/v2\/media?parent=110927"}],"wp:term":[{"taxonomy":"category","embeddable":true,"href":"https:\/\/eldiariodesanpedro.com.ar\/sitio\/wp-json\/wp\/v2\/categories?post=110927"},{"taxonomy":"post_tag","embeddable":true,"href":"https:\/\/eldiariodesanpedro.com.ar\/sitio\/wp-json\/wp\/v2\/tags?post=110927"}],"curies":[{"name":"wp","href":"https:\/\/api.w.org\/{rel}","templated":true}]}}