{"id":110924,"date":"2022-09-26T10:43:23","date_gmt":"2022-09-26T13:43:23","guid":{"rendered":"https:\/\/eldiariodesanpedro.com.ar\/sitio\/?p=110924"},"modified":"2022-09-26T10:43:23","modified_gmt":"2022-09-26T13:43:23","slug":"profundo-pesar-por-el-fallecimiento-de-la-doctora-jimena-prina","status":"publish","type":"post","link":"https:\/\/eldiariodesanpedro.com.ar\/sitio\/profundo-pesar-por-el-fallecimiento-de-la-doctora-jimena-prina\/","title":{"rendered":"Profundo pesar por el fallecimiento de la doctora Jimena Prina"},"content":{"rendered":"<!-- VideographyWP Plugin Message: Automatic video embedding prevented by plugin options. -->\n\n<p>Su deceso se produjo este domingo. Ten\u00eda 44 a\u00f1os y adem\u00e1s de su actividad como profesional participaba en distintas entidades intermedias.<\/p>\n\n\n\n<p>En las primera horas del domingo se produjo el fallecimiento de la obst\u00e9trica Jimena Prina. La profesional, integrante de una respetada y querida familia oriunda de R\u00edo Tala, ten\u00eda 44 a\u00f1os y ven\u00eda luchando contra una dura enfermedad.<\/p>\n\n\n\n<p>Una vez conocida la triste noticia desde diversos sectores de la ciudad expresaron su dolor por el deceso de Prina.<\/p>\n\n\n\n<p>Adem\u00e1s de su actividad como profesional de la salud y ser parte del equipo que trabaj\u00f3 a destajo durante la pandemia, tambi\u00e9n realizada distintas actividades en las que tambi\u00e9n era reconocida como por ejemplo la comunidad cat\u00f3lica del Sagrado Coraz\u00f3n donde fue catequista, del Club N\u00e1utico donde jug\u00f3 al hockey y era parte de la subcomisi\u00f3n de voley.<\/p>\n\n\n\n<p>\u00abCompartimos a la comunidad que hoy ha partido a la casa del Padre, una de nuestras catequistas a quien recordamos con tanta alegr\u00eda y extra\u00f1aremos inmensamente.&nbsp;<a href=\"https:\/\/www.facebook.com\/jimena.prina?__cft__[0]=AZWVt5G_pKjU3b6xb_paytvIA8mM2X9yIeVzLBYj208e-1ORrIOZ4tTbg8NlfgdaNeQJQds40twnZp5JEwwuxncO4niBVH1e7lqrWgCQHLHeMw&amp;__tn__=-]K-R\" target=\"_blank\" rel=\"noreferrer noopener\">Jimena Prina<\/a>, estar\u00e1 presente en cada rinc\u00f3n de la capilla, en el compartir de los chicos, con todo su entusiasmo y empuje. Nos deja su testimonio de lucha, de fortaleza, de coraz\u00f3n tenaz frente a los desaf\u00edos de la vida que cuesta aceptar con amor. Recemos todos por su familia, sabiendo que el coraz\u00f3n de Jes\u00fas la ha recibido en sus brazos, para que nuestra Se\u00f1ora de Luj\u00e1n los cubra con su manto alcanz\u00e1ndoles consuelo y paz&#8230;<\/p>\n\n\n\n<p>Quedar\u00e1s acompa\u00f1\u00e1ndonos para siempre con tu testimonio y tu generosidad, plasmado en uno de los videos de nuestra comunidad. Descansa en Paz querid\u00edsima Jimena\u00bb, la record\u00f3 la comunidad del Sagrado Coraz\u00f3n de Jes\u00fas.<\/p>\n\n\n\n<p>La&nbsp;Secretar\u00eda de Salud de la Municipalidad de San Pedro tambi\u00e9n la record\u00f3 con un sentido mensaje: \u00abExpresamos con gran tristeza las condolencias por el fallecimiento de la Lic. Jimena Prina. Acompa\u00f1amos con hondo pesar a sus familias, amigos y compa\u00f1eros, en este doloroso momento, con el mayor respeto y consideraci\u00f3n Q.E.P.D\u00bb.<\/p>\n","protected":false},"excerpt":{"rendered":"<p>Su deceso se produjo este domingo. Ten\u00eda 44 a\u00f1os y adem\u00e1s de su actividad como profesional participaba en distintas entidades intermedias. En las primera horas del domingo se produjo el fallecimiento de la obst\u00e9trica Jimena Prina. La profesional, integrante de una respetada y querida familia oriunda de R\u00edo Tala, ten\u00eda 44 a\u00f1os y ven\u00eda luchando [&hellip;]<\/p>\n","protected":false},"author":4,"featured_media":110925,"comment_status":"closed","ping_status":"closed","sticky":false,"template":"","format":"standard","meta":{"om_disable_all_campaigns":false,"_jetpack_memberships_contains_paid_content":false,"footnotes":""},"categories":[50,101,2],"tags":[],"class_list":["post-110924","post","type-post","status-publish","format-standard","has-post-thumbnail","hentry","category-destacadas","category-interes-general-locales","category-locales"],"aioseo_notices":[],"gutentor_comment":0,"jetpack_featured_media_url":"https:\/\/eldiariodesanpedro.com.ar\/sitio\/wp-content\/uploads\/2022\/09\/0000021274-resized-1920x1080-1.jpg","jetpack_shortlink":"https:\/\/wp.me\/p6RhLt-sR6","jetpack_sharing_enabled":true,"_links":{"self":[{"href":"https:\/\/eldiariodesanpedro.com.ar\/sitio\/wp-json\/wp\/v2\/posts\/110924","targetHints":{"allow":["GET"]}}],"collection":[{"href":"https:\/\/eldiariodesanpedro.com.ar\/sitio\/wp-json\/wp\/v2\/posts"}],"about":[{"href":"https:\/\/eldiariodesanpedro.com.ar\/sitio\/wp-json\/wp\/v2\/types\/post"}],"author":[{"embeddable":true,"href":"https:\/\/eldiariodesanpedro.com.ar\/sitio\/wp-json\/wp\/v2\/users\/4"}],"replies":[{"embeddable":true,"href":"https:\/\/eldiariodesanpedro.com.ar\/sitio\/wp-json\/wp\/v2\/comments?post=110924"}],"version-history":[{"count":1,"href":"https:\/\/eldiariodesanpedro.com.ar\/sitio\/wp-json\/wp\/v2\/posts\/110924\/revisions"}],"predecessor-version":[{"id":110926,"href":"https:\/\/eldiariodesanpedro.com.ar\/sitio\/wp-json\/wp\/v2\/posts\/110924\/revisions\/110926"}],"wp:featuredmedia":[{"embeddable":true,"href":"https:\/\/eldiariodesanpedro.com.ar\/sitio\/wp-json\/wp\/v2\/media\/110925"}],"wp:attachment":[{"href":"https:\/\/eldiariodesanpedro.com.ar\/sitio\/wp-json\/wp\/v2\/media?parent=110924"}],"wp:term":[{"taxonomy":"category","embeddable":true,"href":"https:\/\/eldiariodesanpedro.com.ar\/sitio\/wp-json\/wp\/v2\/categories?post=110924"},{"taxonomy":"post_tag","embeddable":true,"href":"https:\/\/eldiariodesanpedro.com.ar\/sitio\/wp-json\/wp\/v2\/tags?post=110924"}],"curies":[{"name":"wp","href":"https:\/\/api.w.org\/{rel}","templated":true}]}}