{"id":110921,"date":"2022-09-26T10:41:05","date_gmt":"2022-09-26T13:41:05","guid":{"rendered":"https:\/\/eldiariodesanpedro.com.ar\/sitio\/?p=110921"},"modified":"2022-09-26T10:41:07","modified_gmt":"2022-09-26T13:41:07","slug":"ruta-9-camion-cisterna-cayo-de-un-puente-en-el-kilometro-147","status":"publish","type":"post","link":"https:\/\/eldiariodesanpedro.com.ar\/sitio\/ruta-9-camion-cisterna-cayo-de-un-puente-en-el-kilometro-147\/","title":{"rendered":"Ruta 9: Cami\u00f3n cisterna cay\u00f3 de un puente en el kil\u00f3metro 147"},"content":{"rendered":"<!-- VideographyWP Plugin Message: Automatic video embedding prevented by plugin options. -->\n\n<p>El rodado circulaba por el camino nacional cuando cay\u00f3 al r\u00edo Arrecifes. El conductor fue asistido y trasladado al hospital de la ciudad de Baradero.<\/p>\n\n\n\n<p>Otra vez un cami\u00f3n del puente que cruza el r\u00edo Arrecifes sobre la Ruta Nacional N\u00b0 9.<\/p>\n\n\n\n<p>Sucedi\u00f3 en la ma\u00f1ana del domingo cuando el rodado transitaba por el kil\u00f3metro 147, carril Rosario- Buenos Aires.<\/p>\n\n\n\n<p>No hay demasiada precisi\u00f3n sobre lo que origin\u00f3 el siniestro pero el cami\u00f3n cisterna se sali\u00f3 de la calzada, rompi\u00f3 el guardrail y cay\u00f3 sobre el r\u00edo que por esta \u00e9poca tiene poca agua.<\/p>\n\n\n\n<p>El rodado qued\u00f3 con sus ruedas hacia arriba y el chofer debi\u00f3 ser asistido y trasladado al hospital de Baradero.<\/p>\n\n\n\n<p>Es el cuarto cami\u00f3n que cae del puente en el t\u00e9rmino de cinco meses.<\/p>\n","protected":false},"excerpt":{"rendered":"<p>El rodado circulaba por el camino nacional cuando cay\u00f3 al r\u00edo Arrecifes. El conductor fue asistido y trasladado al hospital de la ciudad de Baradero. Otra vez un cami\u00f3n del puente que cruza el r\u00edo Arrecifes sobre la Ruta Nacional N\u00b0 9. Sucedi\u00f3 en la ma\u00f1ana del domingo cuando el rodado transitaba por el kil\u00f3metro [&hellip;]<\/p>\n","protected":false},"author":4,"featured_media":110922,"comment_status":"closed","ping_status":"closed","sticky":false,"template":"","format":"standard","meta":{"om_disable_all_campaigns":false,"_jetpack_memberships_contains_paid_content":false,"footnotes":""},"categories":[50,101,2],"tags":[197,696,33,19],"class_list":["post-110921","post","type-post","status-publish","format-standard","has-post-thumbnail","hentry","category-destacadas","category-interes-general-locales","category-locales","tag-buenos-aires","tag-interes-general","tag-locales","tag-san-pedro"],"aioseo_notices":[],"gutentor_comment":0,"jetpack_featured_media_url":"https:\/\/eldiariodesanpedro.com.ar\/sitio\/wp-content\/uploads\/2022\/09\/0000021273-resized-1920x1080-1.jpg","jetpack_shortlink":"https:\/\/wp.me\/p6RhLt-sR3","jetpack_sharing_enabled":true,"_links":{"self":[{"href":"https:\/\/eldiariodesanpedro.com.ar\/sitio\/wp-json\/wp\/v2\/posts\/110921","targetHints":{"allow":["GET"]}}],"collection":[{"href":"https:\/\/eldiariodesanpedro.com.ar\/sitio\/wp-json\/wp\/v2\/posts"}],"about":[{"href":"https:\/\/eldiariodesanpedro.com.ar\/sitio\/wp-json\/wp\/v2\/types\/post"}],"author":[{"embeddable":true,"href":"https:\/\/eldiariodesanpedro.com.ar\/sitio\/wp-json\/wp\/v2\/users\/4"}],"replies":[{"embeddable":true,"href":"https:\/\/eldiariodesanpedro.com.ar\/sitio\/wp-json\/wp\/v2\/comments?post=110921"}],"version-history":[{"count":1,"href":"https:\/\/eldiariodesanpedro.com.ar\/sitio\/wp-json\/wp\/v2\/posts\/110921\/revisions"}],"predecessor-version":[{"id":110923,"href":"https:\/\/eldiariodesanpedro.com.ar\/sitio\/wp-json\/wp\/v2\/posts\/110921\/revisions\/110923"}],"wp:featuredmedia":[{"embeddable":true,"href":"https:\/\/eldiariodesanpedro.com.ar\/sitio\/wp-json\/wp\/v2\/media\/110922"}],"wp:attachment":[{"href":"https:\/\/eldiariodesanpedro.com.ar\/sitio\/wp-json\/wp\/v2\/media?parent=110921"}],"wp:term":[{"taxonomy":"category","embeddable":true,"href":"https:\/\/eldiariodesanpedro.com.ar\/sitio\/wp-json\/wp\/v2\/categories?post=110921"},{"taxonomy":"post_tag","embeddable":true,"href":"https:\/\/eldiariodesanpedro.com.ar\/sitio\/wp-json\/wp\/v2\/tags?post=110921"}],"curies":[{"name":"wp","href":"https:\/\/api.w.org\/{rel}","templated":true}]}}