{"id":110913,"date":"2022-09-23T10:23:16","date_gmt":"2022-09-23T13:23:16","guid":{"rendered":"https:\/\/eldiariodesanpedro.com.ar\/sitio\/?p=110913"},"modified":"2022-09-23T10:23:18","modified_gmt":"2022-09-23T13:23:18","slug":"hoy-arranca-la-17o-edicion-del-san-pedro-country-music-festival","status":"publish","type":"post","link":"https:\/\/eldiariodesanpedro.com.ar\/sitio\/hoy-arranca-la-17o-edicion-del-san-pedro-country-music-festival\/","title":{"rendered":"Hoy arranca la 17\u00ba edici\u00f3n del  San Pedro Country Music Festival"},"content":{"rendered":"<!-- VideographyWP Plugin Message: Automatic video embedding prevented by plugin options. -->\n\n<p>Hoy comienza el festival de m\u00fasica Country en el paseo publico luego de dos a\u00f1os. <\/p>\n\n\n\n<p>Aqu\u00ed la grilla completa .<\/p>\n\n\n\n<p>VIERNES 23 DE SEPTIEMBRE<br>14:00hs. Rockabilly Tr\u00edo<br>14:25hs. Los Revival<br>14:50hs. La Blue&#8217;s Ayres Band<br>15:15hs. Covernautas<br>15:40hs. Leyendas<br>16:05hs. Hot Picking Brothers<br>16:30hs. Cincinato<br>16:55hs. Lady Who<br>17:20hs. Carlos Arcuri &amp; The Dusty Devils<br>17:45hs. Las Mulas<br>18:10hs. Soultouch<br>18:35hs. Syncerus<br>19:00hs. D&#8217;vintash<br>19:25hs. The Greens<br>19:50hs. Deep South Country Music<br>20:15hs. Velntina Burgue\u00f1o y Sof\u00eda Corbal\u00e1n<br>20:40hs. Gus Di Bella &amp; Joshua 3 + Tanna Ramponi<br>21:15hs. Angry Zeta<br>21:50hs. Three of Kind &#8211; (Chile-Arg)<br>22:30hs. Pelvis<\/p>\n","protected":false},"excerpt":{"rendered":"<p>Hoy comienza el festival de m\u00fasica Country en el paseo publico luego de dos a\u00f1os. Aqu\u00ed la grilla completa . VIERNES 23 DE SEPTIEMBRE14:00hs. Rockabilly Tr\u00edo14:25hs. Los Revival14:50hs. La Blue&#8217;s Ayres Band15:15hs. Covernautas15:40hs. Leyendas16:05hs. Hot Picking Brothers16:30hs. Cincinato16:55hs. Lady Who17:20hs. Carlos Arcuri &amp; The Dusty Devils17:45hs. Las Mulas18:10hs. Soultouch18:35hs. Syncerus19:00hs. D&#8217;vintash19:25hs. The Greens19:50hs. Deep South [&hellip;]<\/p>\n","protected":false},"author":4,"featured_media":41062,"comment_status":"closed","ping_status":"closed","sticky":false,"template":"","format":"standard","meta":{"om_disable_all_campaigns":false,"_jetpack_memberships_contains_paid_content":false,"footnotes":""},"categories":[50,101,2],"tags":[197,696,33,19],"class_list":["post-110913","post","type-post","status-publish","format-standard","has-post-thumbnail","hentry","category-destacadas","category-interes-general-locales","category-locales","tag-buenos-aires","tag-interes-general","tag-locales","tag-san-pedro"],"aioseo_notices":[],"gutentor_comment":0,"jetpack_featured_media_url":"https:\/\/eldiariodesanpedro.com.ar\/sitio\/wp-content\/uploads\/2018\/09\/Country-e1538357647461.jpg","jetpack_shortlink":"https:\/\/wp.me\/p6RhLt-sQV","jetpack_sharing_enabled":true,"_links":{"self":[{"href":"https:\/\/eldiariodesanpedro.com.ar\/sitio\/wp-json\/wp\/v2\/posts\/110913","targetHints":{"allow":["GET"]}}],"collection":[{"href":"https:\/\/eldiariodesanpedro.com.ar\/sitio\/wp-json\/wp\/v2\/posts"}],"about":[{"href":"https:\/\/eldiariodesanpedro.com.ar\/sitio\/wp-json\/wp\/v2\/types\/post"}],"author":[{"embeddable":true,"href":"https:\/\/eldiariodesanpedro.com.ar\/sitio\/wp-json\/wp\/v2\/users\/4"}],"replies":[{"embeddable":true,"href":"https:\/\/eldiariodesanpedro.com.ar\/sitio\/wp-json\/wp\/v2\/comments?post=110913"}],"version-history":[{"count":1,"href":"https:\/\/eldiariodesanpedro.com.ar\/sitio\/wp-json\/wp\/v2\/posts\/110913\/revisions"}],"predecessor-version":[{"id":110914,"href":"https:\/\/eldiariodesanpedro.com.ar\/sitio\/wp-json\/wp\/v2\/posts\/110913\/revisions\/110914"}],"wp:featuredmedia":[{"embeddable":true,"href":"https:\/\/eldiariodesanpedro.com.ar\/sitio\/wp-json\/wp\/v2\/media\/41062"}],"wp:attachment":[{"href":"https:\/\/eldiariodesanpedro.com.ar\/sitio\/wp-json\/wp\/v2\/media?parent=110913"}],"wp:term":[{"taxonomy":"category","embeddable":true,"href":"https:\/\/eldiariodesanpedro.com.ar\/sitio\/wp-json\/wp\/v2\/categories?post=110913"},{"taxonomy":"post_tag","embeddable":true,"href":"https:\/\/eldiariodesanpedro.com.ar\/sitio\/wp-json\/wp\/v2\/tags?post=110913"}],"curies":[{"name":"wp","href":"https:\/\/api.w.org\/{rel}","templated":true}]}}