{"id":110911,"date":"2022-09-23T09:51:26","date_gmt":"2022-09-23T12:51:26","guid":{"rendered":"https:\/\/eldiariodesanpedro.com.ar\/sitio\/?p=110911"},"modified":"2022-09-23T09:51:27","modified_gmt":"2022-09-23T12:51:27","slug":"la-ley-de-humedales-tendra-que-esperar","status":"publish","type":"post","link":"https:\/\/eldiariodesanpedro.com.ar\/sitio\/la-ley-de-humedales-tendra-que-esperar\/","title":{"rendered":"La Ley de Humedales tendr\u00e1 que esperar"},"content":{"rendered":"<!-- VideographyWP Plugin Message: Automatic video embedding prevented by plugin options. -->\n\n<p>Los diputados no llegaron a un acuerdo para la firma del dictamen y repetiran el plenario de comisiones el pr\u00f3ximo jueves.<\/p>\n\n\n\n<p>En la jornada de ayer los movimientos ambientalistas y la ciudadan\u00eda en general que se ve afectada a diario por las consecuencias de los incendios siguieron con grandes expectativas lo que ocurr\u00eda en el plenario de comisiones de la C\u00e1mara de\u00a0Diputados\u00a0donde se debat\u00eda el\u00a0dictamen de la Ley de Humedales.<\/p>\n\n\n\n<p>A pesar de la presi\u00f3n que ejercieron los manifestantes que aguardaban en las inmediaciones del Congreso las comisiones de Recursos Naturales, presidida por\u00a0<strong>Leonardo Grosso<\/strong>\u00a0(Frente de Todos); de Agricultura, a cargo de\u00a0<strong>Ricardo Buryaile\u00a0<\/strong>(UCR); y de Presupuesto, conducida por\u00a0<strong>Carlos Heller<\/strong>\u00a0(Frente de Todos) no lograron llegar a un consenso para la firma del dictamen y llamaron a un cuarto intermedio.<\/p>\n\n\n\n<p>De esta manera las comisiones de diputados se volver\u00e1n a reunir<strong>&nbsp;el pr\u00f3ximo jueves 29 de septiembre a las 10 de la ma\u00f1ana&nbsp;<\/strong>en un debate que a pedido de la oposici\u00f3n se realizar\u00e1 \u00absin la presencia de invitados\u00bb confirm\u00f3 Grosso.<\/p>\n\n\n\n<p>En ese sentido el diputado que preside la comisi\u00f3n de Recursos Naturales manifest\u00f3 que la decisi\u00f3n se tom\u00f3 para&nbsp;<strong>\u00abpoder construir un dictamen del mayor nivel de acuerdo posible y coincidiendo todos en la necesidad de que este Congreso dictamine y tenga a bien poder lograr la media sanci\u00f3n que nos corresponde\u00bb.<\/strong><\/p>\n\n\n\n<p>Adem\u00e1s inform\u00f3 que cada bloque va a \u00abir arrimando durante el transcurso de estos d\u00edas propuestas concretas de modificaciones o sugerencias a los proyectos que estamos discutiendo\u00bb.<\/p>\n\n\n\n<h2 class=\"wp-block-heading\">El drama de los incendios<\/h2>\n\n\n\n<p>Los incendios provocados en la zona del delta del Paran\u00e1 afectan tanto a la flora y la fauna del lugar como a los miles de ciudadanos que est\u00e1n expuestos a diario al humo causado por los grandes fuegos.<\/p>\n\n\n\n<p>Semanas atr\u00e1s en\u00a0<strong>Infocielo\u00a0<\/strong>te contamos como las consecuencias alcanzaron a las localidades vecinas a la regi\u00f3n y llegaron a los\u00a0municipios bonaerenses de San Nicol\u00e1s, Ramallo o San Pedro.<\/p>\n\n\n\n<p>En ese momento el exintendente de San Pedro, Cecilio Salazar sostuvo que \u00abse han presentado varias denuncias en la justicia, hay varias de a\u00f1os anteriores. El gran problema es que la justicia no act\u00faa para este tipo de cosas. Los productores rurales son verdaderos delincuentes. No tienen ning\u00fan tipo de escr\u00fapulos\u00bb. En ese plano, Salazar junto a\u00a0un grupo de jefes comunales realizaron una manifestaci\u00f3n para poder solucionar el problema.<\/p>\n\n\n\n<p><a href=\"https:\/\/media.infocielo.com\/p\/e155c24234f61ea488828a4070b1eba4\/adjuntos\/299\/imagenes\/001\/486\/0001486725\/887x0\/smart\/incendios-deltajpg.jpg\"><\/a><\/p>\n","protected":false},"excerpt":{"rendered":"<p>Los diputados no llegaron a un acuerdo para la firma del dictamen y repetiran el plenario de comisiones el pr\u00f3ximo jueves. En la jornada de ayer los movimientos ambientalistas y la ciudadan\u00eda en general que se ve afectada a diario por las consecuencias de los incendios siguieron con grandes expectativas lo que ocurr\u00eda en el [&hellip;]<\/p>\n","protected":false},"author":4,"featured_media":110415,"comment_status":"closed","ping_status":"closed","sticky":false,"template":"","format":"standard","meta":{"om_disable_all_campaigns":false,"_jetpack_memberships_contains_paid_content":false,"footnotes":""},"categories":[101,2],"tags":[197,696,33,19],"class_list":["post-110911","post","type-post","status-publish","format-standard","has-post-thumbnail","hentry","category-interes-general-locales","category-locales","tag-buenos-aires","tag-interes-general","tag-locales","tag-san-pedro"],"aioseo_notices":[],"gutentor_comment":0,"jetpack_featured_media_url":"https:\/\/eldiariodesanpedro.com.ar\/sitio\/wp-content\/uploads\/2022\/09\/no_dew0er9m8en0aommanejo_de_fuego.jpg","jetpack_shortlink":"https:\/\/wp.me\/p6RhLt-sQT","jetpack_sharing_enabled":true,"_links":{"self":[{"href":"https:\/\/eldiariodesanpedro.com.ar\/sitio\/wp-json\/wp\/v2\/posts\/110911","targetHints":{"allow":["GET"]}}],"collection":[{"href":"https:\/\/eldiariodesanpedro.com.ar\/sitio\/wp-json\/wp\/v2\/posts"}],"about":[{"href":"https:\/\/eldiariodesanpedro.com.ar\/sitio\/wp-json\/wp\/v2\/types\/post"}],"author":[{"embeddable":true,"href":"https:\/\/eldiariodesanpedro.com.ar\/sitio\/wp-json\/wp\/v2\/users\/4"}],"replies":[{"embeddable":true,"href":"https:\/\/eldiariodesanpedro.com.ar\/sitio\/wp-json\/wp\/v2\/comments?post=110911"}],"version-history":[{"count":1,"href":"https:\/\/eldiariodesanpedro.com.ar\/sitio\/wp-json\/wp\/v2\/posts\/110911\/revisions"}],"predecessor-version":[{"id":110912,"href":"https:\/\/eldiariodesanpedro.com.ar\/sitio\/wp-json\/wp\/v2\/posts\/110911\/revisions\/110912"}],"wp:featuredmedia":[{"embeddable":true,"href":"https:\/\/eldiariodesanpedro.com.ar\/sitio\/wp-json\/wp\/v2\/media\/110415"}],"wp:attachment":[{"href":"https:\/\/eldiariodesanpedro.com.ar\/sitio\/wp-json\/wp\/v2\/media?parent=110911"}],"wp:term":[{"taxonomy":"category","embeddable":true,"href":"https:\/\/eldiariodesanpedro.com.ar\/sitio\/wp-json\/wp\/v2\/categories?post=110911"},{"taxonomy":"post_tag","embeddable":true,"href":"https:\/\/eldiariodesanpedro.com.ar\/sitio\/wp-json\/wp\/v2\/tags?post=110911"}],"curies":[{"name":"wp","href":"https:\/\/api.w.org\/{rel}","templated":true}]}}