{"id":110881,"date":"2022-09-22T12:57:46","date_gmt":"2022-09-22T15:57:46","guid":{"rendered":"https:\/\/eldiariodesanpedro.com.ar\/sitio\/?p=110881"},"modified":"2022-09-22T13:05:12","modified_gmt":"2022-09-22T16:05:12","slug":"juan-carlos-aguero-sera-el-remplazante-de-solana","status":"publish","type":"post","link":"https:\/\/eldiariodesanpedro.com.ar\/sitio\/juan-carlos-aguero-sera-el-remplazante-de-solana\/","title":{"rendered":"Juan Carlos Ag\u00fcero ser\u00e1 el reemplazante de Solana"},"content":{"rendered":"<!-- VideographyWP Plugin Message: Automatic video embedding prevented by plugin options. -->\n\n<p>Tras la presentaci\u00f3n de la renuncia del abogado Diego Solana a la Secretaria de Seguridad de la Municipalidad de San Pedro este lunes la intendente Ram\u00f3n Salazar estuvo buscando su remplazo eligiendo al ex comisario Juan Carlos Ag\u00fcero actual coordinador entre la polic\u00eda y el ejecutivo.<\/p>\n\n\n\n<p>Solana ocupara su cargo hasta el pr\u00f3ximo 30 de septiembre y a partir del d\u00eda siguiente Ag\u00fcero ocupara su lugar.<\/p>\n\n\n\n<p>En estos \u00faltimos 8 meses de gesti\u00f3n Diego Solana realizo un excelente trabajo pero por razones familiares decidi\u00f3 dejar el cargo, de cualquier manera estos d\u00edas de transici\u00f3n ser\u00e1n para que Ag\u00fcero coordine para continuar con los proyectos que ya se encuentran encaminado como por ejemplo la patrulla urbana y las alarmas vecinales entre otros.<\/p>\n\n\n\n<p>Ag\u00fcero de gran trayectoria dentro del Gabinete de los Salazar estuvo desde el principio en las dos gestiones de Cecilio y de Ram\u00f3n siempre coordinando los trabajos entre polic\u00eda y municipalidad.<\/p>\n","protected":false},"excerpt":{"rendered":"<p>Tras la presentaci\u00f3n de la renuncia del abogado Diego Solana a la Secretaria de Seguridad de la Municipalidad de San Pedro este lunes la intendente Ram\u00f3n Salazar estuvo buscando su remplazo eligiendo al ex comisario Juan Carlos Ag\u00fcero actual coordinador entre la polic\u00eda y el ejecutivo. Solana ocupara su cargo hasta el pr\u00f3ximo 30 de [&hellip;]<\/p>\n","protected":false},"author":4,"featured_media":110882,"comment_status":"closed","ping_status":"closed","sticky":false,"template":"","format":"standard","meta":{"om_disable_all_campaigns":false,"_jetpack_memberships_contains_paid_content":false,"footnotes":""},"categories":[50,101,2],"tags":[197,696,33,19],"class_list":["post-110881","post","type-post","status-publish","format-standard","has-post-thumbnail","hentry","category-destacadas","category-interes-general-locales","category-locales","tag-buenos-aires","tag-interes-general","tag-locales","tag-san-pedro"],"aioseo_notices":[],"gutentor_comment":0,"jetpack_featured_media_url":"https:\/\/eldiariodesanpedro.com.ar\/sitio\/wp-content\/uploads\/2022\/09\/Sin-titulo-6.png","jetpack_shortlink":"https:\/\/wp.me\/p6RhLt-sQp","jetpack_sharing_enabled":true,"_links":{"self":[{"href":"https:\/\/eldiariodesanpedro.com.ar\/sitio\/wp-json\/wp\/v2\/posts\/110881","targetHints":{"allow":["GET"]}}],"collection":[{"href":"https:\/\/eldiariodesanpedro.com.ar\/sitio\/wp-json\/wp\/v2\/posts"}],"about":[{"href":"https:\/\/eldiariodesanpedro.com.ar\/sitio\/wp-json\/wp\/v2\/types\/post"}],"author":[{"embeddable":true,"href":"https:\/\/eldiariodesanpedro.com.ar\/sitio\/wp-json\/wp\/v2\/users\/4"}],"replies":[{"embeddable":true,"href":"https:\/\/eldiariodesanpedro.com.ar\/sitio\/wp-json\/wp\/v2\/comments?post=110881"}],"version-history":[{"count":2,"href":"https:\/\/eldiariodesanpedro.com.ar\/sitio\/wp-json\/wp\/v2\/posts\/110881\/revisions"}],"predecessor-version":[{"id":110884,"href":"https:\/\/eldiariodesanpedro.com.ar\/sitio\/wp-json\/wp\/v2\/posts\/110881\/revisions\/110884"}],"wp:featuredmedia":[{"embeddable":true,"href":"https:\/\/eldiariodesanpedro.com.ar\/sitio\/wp-json\/wp\/v2\/media\/110882"}],"wp:attachment":[{"href":"https:\/\/eldiariodesanpedro.com.ar\/sitio\/wp-json\/wp\/v2\/media?parent=110881"}],"wp:term":[{"taxonomy":"category","embeddable":true,"href":"https:\/\/eldiariodesanpedro.com.ar\/sitio\/wp-json\/wp\/v2\/categories?post=110881"},{"taxonomy":"post_tag","embeddable":true,"href":"https:\/\/eldiariodesanpedro.com.ar\/sitio\/wp-json\/wp\/v2\/tags?post=110881"}],"curies":[{"name":"wp","href":"https:\/\/api.w.org\/{rel}","templated":true}]}}