{"id":110879,"date":"2022-09-22T12:47:18","date_gmt":"2022-09-22T15:47:18","guid":{"rendered":"https:\/\/eldiariodesanpedro.com.ar\/sitio\/?p=110879"},"modified":"2022-09-22T12:47:19","modified_gmt":"2022-09-22T15:47:19","slug":"joven-apunalado-por-la-espalda-en-el-barrio-hermano-indio","status":"publish","type":"post","link":"https:\/\/eldiariodesanpedro.com.ar\/sitio\/joven-apunalado-por-la-espalda-en-el-barrio-hermano-indio\/","title":{"rendered":"Joven apu\u00f1alado por la espalda en el barrio Hermano Indio"},"content":{"rendered":"<!-- VideographyWP Plugin Message: Automatic video embedding prevented by plugin options. -->\n\n<p>En la jornada de este mi\u00e9rcoles pasadas las 23 hs la ambulancia del nosocomio local tuvo que intervenir en una vivienda del barrio Hermano Indio donde una persona resulto con una herida cortante en el t\u00f3rax.<\/p>\n\n\n\n<p>Hasta donde se pudo informar la polic\u00eda de nuestra ciudad, el d\u00eda de ayer en horas de la noche un joven de alrededor de 24 a\u00f1os de edad fue apu\u00f1alado por la espalda en el barrio Hermano Indio, seg\u00fan se pudo establecer hasta el momento se tratar\u00eda de un problema de vieja data.<\/p>\n\n\n\n<p>En el lugar se hizo presente una ambulancia del SAME para trasladar a este sujeto hasta el nosocomio local donde se determin\u00f3 que la herida no era de gravedad sin poner en riesgo la vida de esta persona.<\/p>\n\n\n\n<p>La polic\u00eda investiga el hecho para identificar a los autores materiales del ataque.<\/p>\n","protected":false},"excerpt":{"rendered":"<p>En la jornada de este mi\u00e9rcoles pasadas las 23 hs la ambulancia del nosocomio local tuvo que intervenir en una vivienda del barrio Hermano Indio donde una persona resulto con una herida cortante en el t\u00f3rax. Hasta donde se pudo informar la polic\u00eda de nuestra ciudad, el d\u00eda de ayer en horas de la noche [&hellip;]<\/p>\n","protected":false},"author":4,"featured_media":61611,"comment_status":"closed","ping_status":"closed","sticky":false,"template":"","format":"standard","meta":{"om_disable_all_campaigns":false,"_jetpack_memberships_contains_paid_content":false,"footnotes":""},"categories":[2,103],"tags":[197,696,1355,33,95],"class_list":["post-110879","post","type-post","status-publish","format-standard","has-post-thumbnail","hentry","category-locales","category-policiales-locales","tag-buenos-aires","tag-interes-general","tag-judiciales","tag-locales","tag-policiales"],"aioseo_notices":[],"gutentor_comment":0,"jetpack_featured_media_url":"https:\/\/eldiariodesanpedro.com.ar\/sitio\/wp-content\/uploads\/2019\/10\/guardia.jpg","jetpack_shortlink":"https:\/\/wp.me\/p6RhLt-sQn","jetpack_sharing_enabled":true,"_links":{"self":[{"href":"https:\/\/eldiariodesanpedro.com.ar\/sitio\/wp-json\/wp\/v2\/posts\/110879","targetHints":{"allow":["GET"]}}],"collection":[{"href":"https:\/\/eldiariodesanpedro.com.ar\/sitio\/wp-json\/wp\/v2\/posts"}],"about":[{"href":"https:\/\/eldiariodesanpedro.com.ar\/sitio\/wp-json\/wp\/v2\/types\/post"}],"author":[{"embeddable":true,"href":"https:\/\/eldiariodesanpedro.com.ar\/sitio\/wp-json\/wp\/v2\/users\/4"}],"replies":[{"embeddable":true,"href":"https:\/\/eldiariodesanpedro.com.ar\/sitio\/wp-json\/wp\/v2\/comments?post=110879"}],"version-history":[{"count":1,"href":"https:\/\/eldiariodesanpedro.com.ar\/sitio\/wp-json\/wp\/v2\/posts\/110879\/revisions"}],"predecessor-version":[{"id":110880,"href":"https:\/\/eldiariodesanpedro.com.ar\/sitio\/wp-json\/wp\/v2\/posts\/110879\/revisions\/110880"}],"wp:featuredmedia":[{"embeddable":true,"href":"https:\/\/eldiariodesanpedro.com.ar\/sitio\/wp-json\/wp\/v2\/media\/61611"}],"wp:attachment":[{"href":"https:\/\/eldiariodesanpedro.com.ar\/sitio\/wp-json\/wp\/v2\/media?parent=110879"}],"wp:term":[{"taxonomy":"category","embeddable":true,"href":"https:\/\/eldiariodesanpedro.com.ar\/sitio\/wp-json\/wp\/v2\/categories?post=110879"},{"taxonomy":"post_tag","embeddable":true,"href":"https:\/\/eldiariodesanpedro.com.ar\/sitio\/wp-json\/wp\/v2\/tags?post=110879"}],"curies":[{"name":"wp","href":"https:\/\/api.w.org\/{rel}","templated":true}]}}