{"id":110876,"date":"2022-09-22T12:34:46","date_gmt":"2022-09-22T15:34:46","guid":{"rendered":"https:\/\/eldiariodesanpedro.com.ar\/sitio\/?p=110876"},"modified":"2022-09-22T12:34:48","modified_gmt":"2022-09-22T15:34:48","slug":"detienen-en-san-miguel-a-un-delincuente-que-estafo-a-ciudadanos-de-san-pedro-a-traves-de-cuentas-de-whatsapp-clonadas","status":"publish","type":"post","link":"https:\/\/eldiariodesanpedro.com.ar\/sitio\/detienen-en-san-miguel-a-un-delincuente-que-estafo-a-ciudadanos-de-san-pedro-a-traves-de-cuentas-de-whatsapp-clonadas\/","title":{"rendered":"Detienen en San Miguel a un delincuente que estafo a ciudadanos de San Pedro a trav\u00e9s de cuentas de Whatsapp clonadas"},"content":{"rendered":"<!-- VideographyWP Plugin Message: Automatic video embedding prevented by plugin options. -->\n\n<p>El d\u00eda de la fecha en horas de la madrugada, personal de la Sub DDI San Pedro &#8211; Baradero efectiviz\u00f3 orden de allanamiento y detenci\u00f3n en domicilio de calle Pedro Rivera 3400 de la localidad y partido de San Miguel, donde se detuvo a sujeto mayor 34 a\u00f1os de edad, mismo imputado en causa caratulada \u201cestafa\u201d con intervenci\u00f3n de la UFI 11 local y del Juzgado de Garant\u00edas 2, ambos de este Departamento Judicial San Nicol\u00e1s.<\/p>\n\n\n\n<p>En la causa en cuesti\u00f3n se investigan circunstancias denunciadas el pasado 04 de Mayo por un vecino de la localidad de San Pedro; en la cual diera cuenta de que habiendo recibido mensaje a trav\u00e9s de la aplicaci\u00f3n WhatsApp por parte de un amigo de anta\u00f1o solicit\u00e1ndole dinero, \u00e9ste le realiza un dep\u00f3sito de $15 mil al CBU brindado, constatando luego se trat\u00f3 de un ardid por parte de alguien que hackeo la aplicaci\u00f3n de su amigo, resultando estafado.<\/p>\n\n\n\n<p>Tomando oportuna intervenci\u00f3n personal de DDI local, como resultado de las distintas tareas realizadas en forma conjunta con instructores de la fiscal\u00eda interviniente se logr\u00f3 dar con la identidad y paradero del beneficiado con el dep\u00f3sito realizado por el damnificado.<\/p>\n\n\n\n<p>Con los elementos obtenidos, la Sra. Fiscal solicita y obtiene las medidas hoy ejecutadas.<\/p>\n","protected":false},"excerpt":{"rendered":"<p>El d\u00eda de la fecha en horas de la madrugada, personal de la Sub DDI San Pedro &#8211; Baradero efectiviz\u00f3 orden de allanamiento y detenci\u00f3n en domicilio de calle Pedro Rivera 3400 de la localidad y partido de San Miguel, donde se detuvo a sujeto mayor 34 a\u00f1os de edad, mismo imputado en causa caratulada [&hellip;]<\/p>\n","protected":false},"author":4,"featured_media":110877,"comment_status":"closed","ping_status":"closed","sticky":false,"template":"","format":"standard","meta":{"om_disable_all_campaigns":false,"_jetpack_memberships_contains_paid_content":false,"footnotes":""},"categories":[50,2,103],"tags":[197,33,95,19],"class_list":["post-110876","post","type-post","status-publish","format-standard","has-post-thumbnail","hentry","category-destacadas","category-locales","category-policiales-locales","tag-buenos-aires","tag-locales","tag-policiales","tag-san-pedro"],"aioseo_notices":[],"gutentor_comment":0,"jetpack_featured_media_url":"https:\/\/eldiariodesanpedro.com.ar\/sitio\/wp-content\/uploads\/2022\/09\/Sin-titulo-5.png","jetpack_shortlink":"https:\/\/wp.me\/p6RhLt-sQk","jetpack_sharing_enabled":true,"_links":{"self":[{"href":"https:\/\/eldiariodesanpedro.com.ar\/sitio\/wp-json\/wp\/v2\/posts\/110876","targetHints":{"allow":["GET"]}}],"collection":[{"href":"https:\/\/eldiariodesanpedro.com.ar\/sitio\/wp-json\/wp\/v2\/posts"}],"about":[{"href":"https:\/\/eldiariodesanpedro.com.ar\/sitio\/wp-json\/wp\/v2\/types\/post"}],"author":[{"embeddable":true,"href":"https:\/\/eldiariodesanpedro.com.ar\/sitio\/wp-json\/wp\/v2\/users\/4"}],"replies":[{"embeddable":true,"href":"https:\/\/eldiariodesanpedro.com.ar\/sitio\/wp-json\/wp\/v2\/comments?post=110876"}],"version-history":[{"count":1,"href":"https:\/\/eldiariodesanpedro.com.ar\/sitio\/wp-json\/wp\/v2\/posts\/110876\/revisions"}],"predecessor-version":[{"id":110878,"href":"https:\/\/eldiariodesanpedro.com.ar\/sitio\/wp-json\/wp\/v2\/posts\/110876\/revisions\/110878"}],"wp:featuredmedia":[{"embeddable":true,"href":"https:\/\/eldiariodesanpedro.com.ar\/sitio\/wp-json\/wp\/v2\/media\/110877"}],"wp:attachment":[{"href":"https:\/\/eldiariodesanpedro.com.ar\/sitio\/wp-json\/wp\/v2\/media?parent=110876"}],"wp:term":[{"taxonomy":"category","embeddable":true,"href":"https:\/\/eldiariodesanpedro.com.ar\/sitio\/wp-json\/wp\/v2\/categories?post=110876"},{"taxonomy":"post_tag","embeddable":true,"href":"https:\/\/eldiariodesanpedro.com.ar\/sitio\/wp-json\/wp\/v2\/tags?post=110876"}],"curies":[{"name":"wp","href":"https:\/\/api.w.org\/{rel}","templated":true}]}}