{"id":110873,"date":"2022-09-22T12:21:43","date_gmt":"2022-09-22T15:21:43","guid":{"rendered":"https:\/\/eldiariodesanpedro.com.ar\/sitio\/?p=110873"},"modified":"2022-09-22T12:21:45","modified_gmt":"2022-09-22T15:21:45","slug":"un-fenomeno-paranormal-afecta-a-una-familia-sampedrina","status":"publish","type":"post","link":"https:\/\/eldiariodesanpedro.com.ar\/sitio\/un-fenomeno-paranormal-afecta-a-una-familia-sampedrina\/","title":{"rendered":"Un fen\u00f3meno paranormal afecta a una familia sampedrina"},"content":{"rendered":"<!-- VideographyWP Plugin Message: Automatic video embedding prevented by plugin options. -->\n\n<p>Especialistas en este tipo de actividades explicaron qu\u00e9 era lo que suced\u00eda en el interior de la casa ubicada en el radio urbano de la ciudad. Se escuchaban voces y sombras.<\/p>\n\n\n\n<p>A trav\u00e9s de un informe brindado por TN una familia sampedrina cont\u00f3 el fen\u00f3meno que advirtieron en el interior de la casa.<\/p>\n\n\n\n<p>Relataron que los hijos escuchaban voces y toda la familia ve\u00eda sombras.<\/p>\n\n\n\n<p>Especialistas detectaron cuatro presencias en el lugar.<\/p>\n\n\n\n<iframe data-src=\"https:\/\/www.facebook.com\/plugins\/video.php?height=314&#038;href=https%3A%2F%2Fwww.facebook.com%2Feldiario.sanpedro.7%2Fvideos%2F429439132508071%2F&#038;show_text=false&#038;width=560&#038;t=0\" width=\"560\" height=\"314\" style=\"border:none;overflow:hidden\" scrolling=\"no\" frameborder=\"0\" allowfullscreen=\"true\" allow=\"autoplay; clipboard-write; encrypted-media; picture-in-picture; web-share\" allowFullScreen=\"true\" src=\"data:image\/svg+xml;base64,PHN2ZyB3aWR0aD0iMSIgaGVpZ2h0PSIxIiB4bWxucz0iaHR0cDovL3d3dy53My5vcmcvMjAwMC9zdmciPjwvc3ZnPg==\" class=\"lazyload\" data-load-mode=\"1\"><\/iframe>\n","protected":false},"excerpt":{"rendered":"<p>Especialistas en este tipo de actividades explicaron qu\u00e9 era lo que suced\u00eda en el interior de la casa ubicada en el radio urbano de la ciudad. Se escuchaban voces y sombras. A trav\u00e9s de un informe brindado por TN una familia sampedrina cont\u00f3 el fen\u00f3meno que advirtieron en el interior de la casa. Relataron que [&hellip;]<\/p>\n","protected":false},"author":4,"featured_media":110874,"comment_status":"closed","ping_status":"closed","sticky":false,"template":"","format":"standard","meta":{"om_disable_all_campaigns":false,"_jetpack_memberships_contains_paid_content":false,"footnotes":""},"categories":[50,101,2],"tags":[197,696,33,19],"class_list":["post-110873","post","type-post","status-publish","format-standard","has-post-thumbnail","hentry","category-destacadas","category-interes-general-locales","category-locales","tag-buenos-aires","tag-interes-general","tag-locales","tag-san-pedro"],"aioseo_notices":[],"gutentor_comment":0,"jetpack_featured_media_url":"https:\/\/eldiariodesanpedro.com.ar\/sitio\/wp-content\/uploads\/2022\/09\/0000021257-resized-1920x1080-1.jpg","jetpack_shortlink":"https:\/\/wp.me\/p6RhLt-sQh","jetpack_sharing_enabled":true,"_links":{"self":[{"href":"https:\/\/eldiariodesanpedro.com.ar\/sitio\/wp-json\/wp\/v2\/posts\/110873","targetHints":{"allow":["GET"]}}],"collection":[{"href":"https:\/\/eldiariodesanpedro.com.ar\/sitio\/wp-json\/wp\/v2\/posts"}],"about":[{"href":"https:\/\/eldiariodesanpedro.com.ar\/sitio\/wp-json\/wp\/v2\/types\/post"}],"author":[{"embeddable":true,"href":"https:\/\/eldiariodesanpedro.com.ar\/sitio\/wp-json\/wp\/v2\/users\/4"}],"replies":[{"embeddable":true,"href":"https:\/\/eldiariodesanpedro.com.ar\/sitio\/wp-json\/wp\/v2\/comments?post=110873"}],"version-history":[{"count":1,"href":"https:\/\/eldiariodesanpedro.com.ar\/sitio\/wp-json\/wp\/v2\/posts\/110873\/revisions"}],"predecessor-version":[{"id":110875,"href":"https:\/\/eldiariodesanpedro.com.ar\/sitio\/wp-json\/wp\/v2\/posts\/110873\/revisions\/110875"}],"wp:featuredmedia":[{"embeddable":true,"href":"https:\/\/eldiariodesanpedro.com.ar\/sitio\/wp-json\/wp\/v2\/media\/110874"}],"wp:attachment":[{"href":"https:\/\/eldiariodesanpedro.com.ar\/sitio\/wp-json\/wp\/v2\/media?parent=110873"}],"wp:term":[{"taxonomy":"category","embeddable":true,"href":"https:\/\/eldiariodesanpedro.com.ar\/sitio\/wp-json\/wp\/v2\/categories?post=110873"},{"taxonomy":"post_tag","embeddable":true,"href":"https:\/\/eldiariodesanpedro.com.ar\/sitio\/wp-json\/wp\/v2\/tags?post=110873"}],"curies":[{"name":"wp","href":"https:\/\/api.w.org\/{rel}","templated":true}]}}