{"id":110871,"date":"2022-09-22T12:05:01","date_gmt":"2022-09-22T15:05:01","guid":{"rendered":"https:\/\/eldiariodesanpedro.com.ar\/sitio\/?p=110871"},"modified":"2022-09-22T12:05:02","modified_gmt":"2022-09-22T15:05:02","slug":"los-nuevos-titulares-de-la-clinica-san-pedro-aseguran-que-podrian-abrir-sus-puertas-en-octubre","status":"publish","type":"post","link":"https:\/\/eldiariodesanpedro.com.ar\/sitio\/los-nuevos-titulares-de-la-clinica-san-pedro-aseguran-que-podrian-abrir-sus-puertas-en-octubre\/","title":{"rendered":"Los nuevos titulares de la Cl\u00ednica San Pedro aseguran que podr\u00edan abrir sus puertas en octubre"},"content":{"rendered":"<!-- VideographyWP Plugin Message: Automatic video embedding prevented by plugin options. -->\n\n<p>El nuevo titular de la Cl\u00ednica Privada San Pedro habl\u00f3 en el aire de FM G\u00e9nesis y dio detalles de c\u00f3mo marcha la reapertura del nosocomio.<\/p>\n\n\n\n<p>Tras el cierre definitivo en julio del a\u00f1o pasado la Cl\u00ednica Privada San Pedro pas\u00f3 por varias situaciones que solo generaban angustia y preocupaci\u00f3n en los trabajadores. Con el paso del tiempo aparecieron diversas opciones pero reci\u00e9n este a\u00f1os apareci\u00f3 una propuesta m\u00e1s precisa y que devolvi\u00f3 las esperanzas a quienes sue\u00f1an con volver a trabajar.<\/p>\n\n\n\n<p>Gabriel Hanna, es el responsable del grupo inversor que se hizo cargo de la cl\u00ednica y quien dio detalles de c\u00f3mo se est\u00e1 trabajando para reabrir el nosocomio cuando antes.<\/p>\n\n\n\n<p>\u201cVenimos trabajando muy fuerte, m\u00e1s all\u00e1 de la coyuntura que se present\u00f3 en el \u00faltimo tiempo en el pa\u00eds a nivel econ\u00f3mico. Justamente le estamos encontrando la vuelta, tuvimos una reuni\u00f3n muy interesante con la gente de la federaci\u00f3n de cl\u00ednicas en Pergamino\u201d, asegur\u00f3 Hanna en el aire de FM G\u00e9nesis.<\/p>\n\n\n\n<p>\u201cVenimos trabajando mucho con el tema de la obra civil, creo que fue el 23 de agosto que la Secretar\u00eda de Obras p\u00fablicas nos dio el okey para comenzar todo lo que son las obras en el edificio\u201d, confirm\u00f3. \u201cTambi\u00e9n estamos haciendo un esfuerzo enorme en el plano administrativo, que es bastante burocr\u00e1tico, lleva tiempo y escapa de nuestras posibilidades\u201d.<\/p>\n\n\n\n<p>\u201cLa coyuntura complic\u00f3 los tiempos\u201d, dijo el empresario. \u201cAfortunadamente, en lo que tiene que ver con el equipamiento, nosotros hab\u00edamos cerrado la operaci\u00f3n con Phillips antes del desbarajuste. Si nos agarraban las negociaciones en este contexto actual, se nos hubiese complicado todo enormemente\u201d.<\/p>\n\n\n\n<p>\u201cM\u00e1s all\u00e1 de los n\u00fameros, tiene que ver con las restricciones en las entregas, hay demoras que pueden llegar al a\u00f1o\u201d, manifest\u00f3 con respecto a la llegada del equipamiento para el nosocomio.<\/p>\n\n\n\n<p>\u201cLa primera idea que ten\u00edamos nosotros con respecto a la Cl\u00ednica San Pedro era la de abrirla totalmente refaccionada, pero es totalmente imposible, es decir, vamos a abrir la cl\u00ednica y se va a seguir trabajando\u201d.<\/p>\n\n\n\n<p>\u201cTuvimos una reuni\u00f3n con el Secretario de Gobierno y hablamos de la problem\u00e1tica en el sector de la salud que nos obliga de alguna manera tener un compromiso hacia la sociedad en abrir cuanto antes los servicios esenciales, incluso lo que tiene que ver con la internaci\u00f3n\u201d, cont\u00f3 Hanna.<\/p>\n\n\n\n<p>\u201cSe retomar\u00eda con consultorio, con laboratorio, con un sector en el \u00e1rea de internaci\u00f3n. La cl\u00ednica cuenta con 22 habitaciones de internaci\u00f3n y en la primera etapa habilitaremos 6 o 7 habitaciones, y mes a mes seguiremos ampliando el n\u00famero pero consideramos que de alguna manera es un aporte para descomprimir la situaci\u00f3n que est\u00e1 viviendo el sector de la salud\u201d.<\/p>\n\n\n\n<p>\u201cLa cl\u00ednica cuenta con dos quir\u00f3fanos y uno de guardia, y el de guardia obviamente va a estar habilitado\u201d, confirm\u00f3. \u201cLa intenci\u00f3n nuestra es que el quir\u00f3fano principal tambi\u00e9n est\u00e9 habilitado, as\u00ed que vamos a hacer todo el esfuerzo posible\u201d.<\/p>\n\n\n\n<p>\u201cCalculamos que para octubre la cl\u00ednica puede estar abierta bas\u00e1ndose en el acondicionamiento de la cl\u00ednica, la puesta de los equipos, el entrenamiento al personal administrativo, esperamos llegar con todo\u201d, asegur\u00f3 el responsable de la cl\u00ednica.<\/p>\n","protected":false},"excerpt":{"rendered":"<p>El nuevo titular de la Cl\u00ednica Privada San Pedro habl\u00f3 en el aire de FM G\u00e9nesis y dio detalles de c\u00f3mo marcha la reapertura del nosocomio. Tras el cierre definitivo en julio del a\u00f1o pasado la Cl\u00ednica Privada San Pedro pas\u00f3 por varias situaciones que solo generaban angustia y preocupaci\u00f3n en los trabajadores. Con el [&hellip;]<\/p>\n","protected":false},"author":4,"featured_media":96511,"comment_status":"closed","ping_status":"closed","sticky":false,"template":"","format":"standard","meta":{"om_disable_all_campaigns":false,"_jetpack_memberships_contains_paid_content":false,"footnotes":""},"categories":[50,101,2],"tags":[197,696,33,19],"class_list":["post-110871","post","type-post","status-publish","format-standard","has-post-thumbnail","hentry","category-destacadas","category-interes-general-locales","category-locales","tag-buenos-aires","tag-interes-general","tag-locales","tag-san-pedro"],"aioseo_notices":[],"gutentor_comment":0,"jetpack_featured_media_url":"https:\/\/eldiariodesanpedro.com.ar\/sitio\/wp-content\/uploads\/2021\/07\/clinica-san-pedro.jpg","jetpack_shortlink":"https:\/\/wp.me\/p6RhLt-sQf","jetpack_sharing_enabled":true,"_links":{"self":[{"href":"https:\/\/eldiariodesanpedro.com.ar\/sitio\/wp-json\/wp\/v2\/posts\/110871","targetHints":{"allow":["GET"]}}],"collection":[{"href":"https:\/\/eldiariodesanpedro.com.ar\/sitio\/wp-json\/wp\/v2\/posts"}],"about":[{"href":"https:\/\/eldiariodesanpedro.com.ar\/sitio\/wp-json\/wp\/v2\/types\/post"}],"author":[{"embeddable":true,"href":"https:\/\/eldiariodesanpedro.com.ar\/sitio\/wp-json\/wp\/v2\/users\/4"}],"replies":[{"embeddable":true,"href":"https:\/\/eldiariodesanpedro.com.ar\/sitio\/wp-json\/wp\/v2\/comments?post=110871"}],"version-history":[{"count":1,"href":"https:\/\/eldiariodesanpedro.com.ar\/sitio\/wp-json\/wp\/v2\/posts\/110871\/revisions"}],"predecessor-version":[{"id":110872,"href":"https:\/\/eldiariodesanpedro.com.ar\/sitio\/wp-json\/wp\/v2\/posts\/110871\/revisions\/110872"}],"wp:featuredmedia":[{"embeddable":true,"href":"https:\/\/eldiariodesanpedro.com.ar\/sitio\/wp-json\/wp\/v2\/media\/96511"}],"wp:attachment":[{"href":"https:\/\/eldiariodesanpedro.com.ar\/sitio\/wp-json\/wp\/v2\/media?parent=110871"}],"wp:term":[{"taxonomy":"category","embeddable":true,"href":"https:\/\/eldiariodesanpedro.com.ar\/sitio\/wp-json\/wp\/v2\/categories?post=110871"},{"taxonomy":"post_tag","embeddable":true,"href":"https:\/\/eldiariodesanpedro.com.ar\/sitio\/wp-json\/wp\/v2\/tags?post=110871"}],"curies":[{"name":"wp","href":"https:\/\/api.w.org\/{rel}","templated":true}]}}