{"id":110868,"date":"2022-09-22T11:54:55","date_gmt":"2022-09-22T14:54:55","guid":{"rendered":"https:\/\/eldiariodesanpedro.com.ar\/sitio\/?p=110868"},"modified":"2022-09-22T11:54:57","modified_gmt":"2022-09-22T14:54:57","slug":"dos-jovenes-aprehendidos-por-robar-un-equipo-de-mate","status":"publish","type":"post","link":"https:\/\/eldiariodesanpedro.com.ar\/sitio\/dos-jovenes-aprehendidos-por-robar-un-equipo-de-mate\/","title":{"rendered":"Dos j\u00f3venes aprehendidos por robar un equipo de mate"},"content":{"rendered":"<!-- VideographyWP Plugin Message: Automatic video embedding prevented by plugin options. -->\n\n<p>En la noche de ayer alrededor de las 23:45 horas el personal policial en calle Bottaro y Auli, tras r\u00e1pido accionar aprehende en fuga a ciudadano de 27 a\u00f1os, secuestr\u00e1ndosele equipo matero que sustrajeron sin violencia interior de veh\u00edculo Peugeot 206 propiedad una femenina de 53 a\u00f1os, el cual se encontraba estacionado sobre la v\u00eda p\u00fablica en la calle Alvarado al 400, lugar este donde vecinos de la zona realizan aprehensi\u00f3n ciudadana de el masculino restante de 25 con el cual se encontraba el anterior.<\/p>\n","protected":false},"excerpt":{"rendered":"<p>En la noche de ayer alrededor de las 23:45 horas el personal policial en calle Bottaro y Auli, tras r\u00e1pido accionar aprehende en fuga a ciudadano de 27 a\u00f1os, secuestr\u00e1ndosele equipo matero que sustrajeron sin violencia interior de veh\u00edculo Peugeot 206 propiedad una femenina de 53 a\u00f1os, el cual se encontraba estacionado sobre la v\u00eda [&hellip;]<\/p>\n","protected":false},"author":4,"featured_media":110869,"comment_status":"closed","ping_status":"closed","sticky":false,"template":"","format":"standard","meta":{"om_disable_all_campaigns":false,"_jetpack_memberships_contains_paid_content":false,"footnotes":""},"categories":[2,103],"tags":[197,33,95,19],"class_list":["post-110868","post","type-post","status-publish","format-standard","has-post-thumbnail","hentry","category-locales","category-policiales-locales","tag-buenos-aires","tag-locales","tag-policiales","tag-san-pedro"],"aioseo_notices":[],"gutentor_comment":0,"jetpack_featured_media_url":"https:\/\/eldiariodesanpedro.com.ar\/sitio\/wp-content\/uploads\/2022\/09\/Sin-titulo-4.png","jetpack_shortlink":"https:\/\/wp.me\/p6RhLt-sQc","jetpack_sharing_enabled":true,"_links":{"self":[{"href":"https:\/\/eldiariodesanpedro.com.ar\/sitio\/wp-json\/wp\/v2\/posts\/110868","targetHints":{"allow":["GET"]}}],"collection":[{"href":"https:\/\/eldiariodesanpedro.com.ar\/sitio\/wp-json\/wp\/v2\/posts"}],"about":[{"href":"https:\/\/eldiariodesanpedro.com.ar\/sitio\/wp-json\/wp\/v2\/types\/post"}],"author":[{"embeddable":true,"href":"https:\/\/eldiariodesanpedro.com.ar\/sitio\/wp-json\/wp\/v2\/users\/4"}],"replies":[{"embeddable":true,"href":"https:\/\/eldiariodesanpedro.com.ar\/sitio\/wp-json\/wp\/v2\/comments?post=110868"}],"version-history":[{"count":1,"href":"https:\/\/eldiariodesanpedro.com.ar\/sitio\/wp-json\/wp\/v2\/posts\/110868\/revisions"}],"predecessor-version":[{"id":110870,"href":"https:\/\/eldiariodesanpedro.com.ar\/sitio\/wp-json\/wp\/v2\/posts\/110868\/revisions\/110870"}],"wp:featuredmedia":[{"embeddable":true,"href":"https:\/\/eldiariodesanpedro.com.ar\/sitio\/wp-json\/wp\/v2\/media\/110869"}],"wp:attachment":[{"href":"https:\/\/eldiariodesanpedro.com.ar\/sitio\/wp-json\/wp\/v2\/media?parent=110868"}],"wp:term":[{"taxonomy":"category","embeddable":true,"href":"https:\/\/eldiariodesanpedro.com.ar\/sitio\/wp-json\/wp\/v2\/categories?post=110868"},{"taxonomy":"post_tag","embeddable":true,"href":"https:\/\/eldiariodesanpedro.com.ar\/sitio\/wp-json\/wp\/v2\/tags?post=110868"}],"curies":[{"name":"wp","href":"https:\/\/api.w.org\/{rel}","templated":true}]}}