{"id":110864,"date":"2022-09-22T11:36:21","date_gmt":"2022-09-22T14:36:21","guid":{"rendered":"https:\/\/eldiariodesanpedro.com.ar\/sitio\/?p=110864"},"modified":"2022-09-22T11:36:23","modified_gmt":"2022-09-22T14:36:23","slug":"se-recuperaron-elementos-robados-en-un-allanamiento","status":"publish","type":"post","link":"https:\/\/eldiariodesanpedro.com.ar\/sitio\/se-recuperaron-elementos-robados-en-un-allanamiento\/","title":{"rendered":"Se recuperaron elementos robados en un allanamiento"},"content":{"rendered":"<!-- VideographyWP Plugin Message: Automatic video embedding prevented by plugin options. -->\n\n<p><strong>Este mi\u00e9rcoles el p<\/strong>ersonal del Gabinete Criminol\u00f3gico luego de recabar elementos de prueba en causa caratulada \u201crobo\u201d, solicita y efect\u00faa diligencia de allanamiento,&nbsp;en domicilio ubicado en calle Javier Rivero al 1900 donde reside un ciudadano de 19 a\u00f1os arrojando resultado \u00abpositivo\u00bb procedi\u00e9ndose al secuestro de un pantal\u00f3n jogging marca \u00abAdidas\u00bb, color azul, un tel\u00e9fono celular marca \u00abMotorola E32 \u00bb y una bicicleta de dama, color azul, con canasto marr\u00f3n.<\/p>\n\n\n\n<p>Se procede a la aprehensi\u00f3n del imputado, permaneciendo alojado en esta dependencia, notific\u00e1ndolo del art\u00edculo 60 del C.P.P. por el delito de &nbsp;\u201cROBO\u201d. Interviene UFI 05.-<\/p>\n","protected":false},"excerpt":{"rendered":"<p>Este mi\u00e9rcoles el personal del Gabinete Criminol\u00f3gico luego de recabar elementos de prueba en causa caratulada \u201crobo\u201d, solicita y efect\u00faa diligencia de allanamiento,&nbsp;en domicilio ubicado en calle Javier Rivero al 1900 donde reside un ciudadano de 19 a\u00f1os arrojando resultado \u00abpositivo\u00bb procedi\u00e9ndose al secuestro de un pantal\u00f3n jogging marca \u00abAdidas\u00bb, color azul, un tel\u00e9fono celular [&hellip;]<\/p>\n","protected":false},"author":4,"featured_media":110865,"comment_status":"closed","ping_status":"closed","sticky":false,"template":"","format":"standard","meta":{"om_disable_all_campaigns":false,"_jetpack_memberships_contains_paid_content":false,"footnotes":""},"categories":[2,103],"tags":[197,33,95,19],"class_list":["post-110864","post","type-post","status-publish","format-standard","has-post-thumbnail","hentry","category-locales","category-policiales-locales","tag-buenos-aires","tag-locales","tag-policiales","tag-san-pedro"],"aioseo_notices":[],"gutentor_comment":0,"jetpack_featured_media_url":"https:\/\/eldiariodesanpedro.com.ar\/sitio\/wp-content\/uploads\/2022\/09\/Sin-titulo-3.png","jetpack_shortlink":"https:\/\/wp.me\/p6RhLt-sQ8","jetpack_sharing_enabled":true,"_links":{"self":[{"href":"https:\/\/eldiariodesanpedro.com.ar\/sitio\/wp-json\/wp\/v2\/posts\/110864","targetHints":{"allow":["GET"]}}],"collection":[{"href":"https:\/\/eldiariodesanpedro.com.ar\/sitio\/wp-json\/wp\/v2\/posts"}],"about":[{"href":"https:\/\/eldiariodesanpedro.com.ar\/sitio\/wp-json\/wp\/v2\/types\/post"}],"author":[{"embeddable":true,"href":"https:\/\/eldiariodesanpedro.com.ar\/sitio\/wp-json\/wp\/v2\/users\/4"}],"replies":[{"embeddable":true,"href":"https:\/\/eldiariodesanpedro.com.ar\/sitio\/wp-json\/wp\/v2\/comments?post=110864"}],"version-history":[{"count":2,"href":"https:\/\/eldiariodesanpedro.com.ar\/sitio\/wp-json\/wp\/v2\/posts\/110864\/revisions"}],"predecessor-version":[{"id":110867,"href":"https:\/\/eldiariodesanpedro.com.ar\/sitio\/wp-json\/wp\/v2\/posts\/110864\/revisions\/110867"}],"wp:featuredmedia":[{"embeddable":true,"href":"https:\/\/eldiariodesanpedro.com.ar\/sitio\/wp-json\/wp\/v2\/media\/110865"}],"wp:attachment":[{"href":"https:\/\/eldiariodesanpedro.com.ar\/sitio\/wp-json\/wp\/v2\/media?parent=110864"}],"wp:term":[{"taxonomy":"category","embeddable":true,"href":"https:\/\/eldiariodesanpedro.com.ar\/sitio\/wp-json\/wp\/v2\/categories?post=110864"},{"taxonomy":"post_tag","embeddable":true,"href":"https:\/\/eldiariodesanpedro.com.ar\/sitio\/wp-json\/wp\/v2\/tags?post=110864"}],"curies":[{"name":"wp","href":"https:\/\/api.w.org\/{rel}","templated":true}]}}