{"id":110861,"date":"2022-09-22T11:22:52","date_gmt":"2022-09-22T14:22:52","guid":{"rendered":"https:\/\/eldiariodesanpedro.com.ar\/sitio\/?p=110861"},"modified":"2022-09-22T11:22:53","modified_gmt":"2022-09-22T14:22:53","slug":"se-secuestro-un-arma-tumbera-en-allanamiento-3","status":"publish","type":"post","link":"https:\/\/eldiariodesanpedro.com.ar\/sitio\/se-secuestro-un-arma-tumbera-en-allanamiento-3\/","title":{"rendered":"Se secuestr\u00f3 un arma tumbera en allanamiento"},"content":{"rendered":"<!-- VideographyWP Plugin Message: Automatic video embedding prevented by plugin options. -->\n\n<p>Este mi\u00e9rcoles el personal del Gabinete Criminol\u00f3gico luego de recabar elementos de prueba en una causa sobre \u201camenazas agravadas\u201d, solicita y posteriormente efect\u00faa diligencia de allanamiento,&nbsp; en domicilio ubicado en calle&nbsp; Manuel Iglesias al 1600 aproximadamente donde reside&nbsp; un ciudadano de 66 a\u00f1os.&nbsp;<\/p>\n\n\n\n<p>Arrojando resultado \u00abPositivo\u00bb procedi\u00e9ndose al secuestro de un arma de fuego de fabricaci\u00f3n casera, tipo tumbera. Se notifica al Imputado del Art\u00edculo 60 del C.P por el delito de \u201ctenencia ilegal de arma de guerra\u201d y del art\u00edculo 161 del C.P.P retir\u00e1ndose en libertad, disposiciones ordenadas por el magistrado interviniente UFI 11.-<\/p>\n","protected":false},"excerpt":{"rendered":"<p>Este mi\u00e9rcoles el personal del Gabinete Criminol\u00f3gico luego de recabar elementos de prueba en una causa sobre \u201camenazas agravadas\u201d, solicita y posteriormente efect\u00faa diligencia de allanamiento,&nbsp; en domicilio ubicado en calle&nbsp; Manuel Iglesias al 1600 aproximadamente donde reside&nbsp; un ciudadano de 66 a\u00f1os.&nbsp; Arrojando resultado \u00abPositivo\u00bb procedi\u00e9ndose al secuestro de un arma de fuego de [&hellip;]<\/p>\n","protected":false},"author":4,"featured_media":110862,"comment_status":"closed","ping_status":"closed","sticky":false,"template":"","format":"standard","meta":{"om_disable_all_campaigns":false,"_jetpack_memberships_contains_paid_content":false,"footnotes":""},"categories":[2,103],"tags":[197,33,95,19],"class_list":["post-110861","post","type-post","status-publish","format-standard","has-post-thumbnail","hentry","category-locales","category-policiales-locales","tag-buenos-aires","tag-locales","tag-policiales","tag-san-pedro"],"aioseo_notices":[],"gutentor_comment":0,"jetpack_featured_media_url":"https:\/\/eldiariodesanpedro.com.ar\/sitio\/wp-content\/uploads\/2022\/09\/Sin-titulo-2.png","jetpack_shortlink":"https:\/\/wp.me\/p6RhLt-sQ5","jetpack_sharing_enabled":true,"_links":{"self":[{"href":"https:\/\/eldiariodesanpedro.com.ar\/sitio\/wp-json\/wp\/v2\/posts\/110861","targetHints":{"allow":["GET"]}}],"collection":[{"href":"https:\/\/eldiariodesanpedro.com.ar\/sitio\/wp-json\/wp\/v2\/posts"}],"about":[{"href":"https:\/\/eldiariodesanpedro.com.ar\/sitio\/wp-json\/wp\/v2\/types\/post"}],"author":[{"embeddable":true,"href":"https:\/\/eldiariodesanpedro.com.ar\/sitio\/wp-json\/wp\/v2\/users\/4"}],"replies":[{"embeddable":true,"href":"https:\/\/eldiariodesanpedro.com.ar\/sitio\/wp-json\/wp\/v2\/comments?post=110861"}],"version-history":[{"count":1,"href":"https:\/\/eldiariodesanpedro.com.ar\/sitio\/wp-json\/wp\/v2\/posts\/110861\/revisions"}],"predecessor-version":[{"id":110863,"href":"https:\/\/eldiariodesanpedro.com.ar\/sitio\/wp-json\/wp\/v2\/posts\/110861\/revisions\/110863"}],"wp:featuredmedia":[{"embeddable":true,"href":"https:\/\/eldiariodesanpedro.com.ar\/sitio\/wp-json\/wp\/v2\/media\/110862"}],"wp:attachment":[{"href":"https:\/\/eldiariodesanpedro.com.ar\/sitio\/wp-json\/wp\/v2\/media?parent=110861"}],"wp:term":[{"taxonomy":"category","embeddable":true,"href":"https:\/\/eldiariodesanpedro.com.ar\/sitio\/wp-json\/wp\/v2\/categories?post=110861"},{"taxonomy":"post_tag","embeddable":true,"href":"https:\/\/eldiariodesanpedro.com.ar\/sitio\/wp-json\/wp\/v2\/tags?post=110861"}],"curies":[{"name":"wp","href":"https:\/\/api.w.org\/{rel}","templated":true}]}}