{"id":110858,"date":"2022-09-22T11:16:36","date_gmt":"2022-09-22T14:16:36","guid":{"rendered":"https:\/\/eldiariodesanpedro.com.ar\/sitio\/?p=110858"},"modified":"2022-09-22T11:16:38","modified_gmt":"2022-09-22T14:16:38","slug":"la-policia-aprehende-a-una-mujer-que-minutos-antes-robo-un-celular-de-una-vivienda","status":"publish","type":"post","link":"https:\/\/eldiariodesanpedro.com.ar\/sitio\/la-policia-aprehende-a-una-mujer-que-minutos-antes-robo-un-celular-de-una-vivienda\/","title":{"rendered":"La polic\u00eda aprehende a una mujer que minutos antes robo un celular de una vivienda"},"content":{"rendered":"<!-- VideographyWP Plugin Message: Automatic video embedding prevented by plugin options. -->\n\n<p>Este mi\u00e9rcoles el personal policial de la comisar\u00eda local se hace presente en calle Auli y 25 de Mayo donde tras un r\u00e1pido accionar aprehende en fuga a una joven de 27\u00a0 a\u00f1os, procediendo al secuestro de entre sus prendas de tel\u00e9fono celular Samsung Galaxy 10 que sustrajo sin violencia momentos antes del interior de una vivienda en calle Goycochea al 800 aproximadamente, propiedad de un masculino de 65 a\u00f1os. <\/p>\n\n\n\n<p>Se procede a notificarla del art\u00edculo\u00a0 60 del C.P por el delito de \u201ctentativa de hurto\u201d y quedando alojada en la dependencia<\/p>\n","protected":false},"excerpt":{"rendered":"<p>Este mi\u00e9rcoles el personal policial de la comisar\u00eda local se hace presente en calle Auli y 25 de Mayo donde tras un r\u00e1pido accionar aprehende en fuga a una joven de 27\u00a0 a\u00f1os, procediendo al secuestro de entre sus prendas de tel\u00e9fono celular Samsung Galaxy 10 que sustrajo sin violencia momentos antes del interior de [&hellip;]<\/p>\n","protected":false},"author":4,"featured_media":110859,"comment_status":"closed","ping_status":"closed","sticky":false,"template":"","format":"standard","meta":{"om_disable_all_campaigns":false,"_jetpack_memberships_contains_paid_content":false,"footnotes":""},"categories":[2,103],"tags":[197,33,95,19],"class_list":["post-110858","post","type-post","status-publish","format-standard","has-post-thumbnail","hentry","category-locales","category-policiales-locales","tag-buenos-aires","tag-locales","tag-policiales","tag-san-pedro"],"aioseo_notices":[],"gutentor_comment":0,"jetpack_featured_media_url":"https:\/\/eldiariodesanpedro.com.ar\/sitio\/wp-content\/uploads\/2022\/09\/Sin-titulo-1.png","jetpack_shortlink":"https:\/\/wp.me\/p6RhLt-sQ2","jetpack_sharing_enabled":true,"_links":{"self":[{"href":"https:\/\/eldiariodesanpedro.com.ar\/sitio\/wp-json\/wp\/v2\/posts\/110858","targetHints":{"allow":["GET"]}}],"collection":[{"href":"https:\/\/eldiariodesanpedro.com.ar\/sitio\/wp-json\/wp\/v2\/posts"}],"about":[{"href":"https:\/\/eldiariodesanpedro.com.ar\/sitio\/wp-json\/wp\/v2\/types\/post"}],"author":[{"embeddable":true,"href":"https:\/\/eldiariodesanpedro.com.ar\/sitio\/wp-json\/wp\/v2\/users\/4"}],"replies":[{"embeddable":true,"href":"https:\/\/eldiariodesanpedro.com.ar\/sitio\/wp-json\/wp\/v2\/comments?post=110858"}],"version-history":[{"count":1,"href":"https:\/\/eldiariodesanpedro.com.ar\/sitio\/wp-json\/wp\/v2\/posts\/110858\/revisions"}],"predecessor-version":[{"id":110860,"href":"https:\/\/eldiariodesanpedro.com.ar\/sitio\/wp-json\/wp\/v2\/posts\/110858\/revisions\/110860"}],"wp:featuredmedia":[{"embeddable":true,"href":"https:\/\/eldiariodesanpedro.com.ar\/sitio\/wp-json\/wp\/v2\/media\/110859"}],"wp:attachment":[{"href":"https:\/\/eldiariodesanpedro.com.ar\/sitio\/wp-json\/wp\/v2\/media?parent=110858"}],"wp:term":[{"taxonomy":"category","embeddable":true,"href":"https:\/\/eldiariodesanpedro.com.ar\/sitio\/wp-json\/wp\/v2\/categories?post=110858"},{"taxonomy":"post_tag","embeddable":true,"href":"https:\/\/eldiariodesanpedro.com.ar\/sitio\/wp-json\/wp\/v2\/tags?post=110858"}],"curies":[{"name":"wp","href":"https:\/\/api.w.org\/{rel}","templated":true}]}}