{"id":110856,"date":"2022-09-22T10:59:21","date_gmt":"2022-09-22T13:59:21","guid":{"rendered":"https:\/\/eldiariodesanpedro.com.ar\/sitio\/?p=110856"},"modified":"2022-09-22T10:59:22","modified_gmt":"2022-09-22T13:59:22","slug":"vendia-su-moto-a-traves-de-redes-sociales-y-fue-estafado-por-10-mil-pesos","status":"publish","type":"post","link":"https:\/\/eldiariodesanpedro.com.ar\/sitio\/vendia-su-moto-a-traves-de-redes-sociales-y-fue-estafado-por-10-mil-pesos\/","title":{"rendered":"Vend\u00eda su moto a trav\u00e9s de redes sociales y fue estafado por 10 mil pesos"},"content":{"rendered":"<!-- VideographyWP Plugin Message: Automatic video embedding prevented by plugin options. -->\n\n<p>Este mi\u00e9rcoles en el destacamento de Santa Lucia denuncio un ciudadano de 34 a\u00f1os de edad, que publica en redes sociales de motocicleta de su propiedad para la venta. Que se contacta con \u00e9l un masculino con quien intercambian CBU y le solicita que le haga una transferencia para habilitarlo como contacto, a lo que denunciante accede.<br>Que desde ese momento pierde todo tipo de contacto con el masculino, luego constata la sustracci\u00f3n de $10000.-<br>Se procura individualizaci\u00f3n del autor. Interviene UFI 07.-<\/p>\n","protected":false},"excerpt":{"rendered":"<p>Este mi\u00e9rcoles en el destacamento de Santa Lucia denuncio un ciudadano de 34 a\u00f1os de edad, que publica en redes sociales de motocicleta de su propiedad para la venta. Que se contacta con \u00e9l un masculino con quien intercambian CBU y le solicita que le haga una transferencia para habilitarlo como contacto, a lo que [&hellip;]<\/p>\n","protected":false},"author":4,"featured_media":97915,"comment_status":"closed","ping_status":"closed","sticky":false,"template":"","format":"standard","meta":{"om_disable_all_campaigns":false,"_jetpack_memberships_contains_paid_content":false,"footnotes":""},"categories":[2,103],"tags":[197,33,95,19],"class_list":["post-110856","post","type-post","status-publish","format-standard","has-post-thumbnail","hentry","category-locales","category-policiales-locales","tag-buenos-aires","tag-locales","tag-policiales","tag-san-pedro"],"aioseo_notices":[],"gutentor_comment":0,"jetpack_featured_media_url":"https:\/\/eldiariodesanpedro.com.ar\/sitio\/wp-content\/uploads\/2021\/08\/ventas-facebooj-WGGZrW_5d580f2a95e4e_large.png","jetpack_shortlink":"https:\/\/wp.me\/p6RhLt-sQ0","jetpack_sharing_enabled":true,"_links":{"self":[{"href":"https:\/\/eldiariodesanpedro.com.ar\/sitio\/wp-json\/wp\/v2\/posts\/110856","targetHints":{"allow":["GET"]}}],"collection":[{"href":"https:\/\/eldiariodesanpedro.com.ar\/sitio\/wp-json\/wp\/v2\/posts"}],"about":[{"href":"https:\/\/eldiariodesanpedro.com.ar\/sitio\/wp-json\/wp\/v2\/types\/post"}],"author":[{"embeddable":true,"href":"https:\/\/eldiariodesanpedro.com.ar\/sitio\/wp-json\/wp\/v2\/users\/4"}],"replies":[{"embeddable":true,"href":"https:\/\/eldiariodesanpedro.com.ar\/sitio\/wp-json\/wp\/v2\/comments?post=110856"}],"version-history":[{"count":1,"href":"https:\/\/eldiariodesanpedro.com.ar\/sitio\/wp-json\/wp\/v2\/posts\/110856\/revisions"}],"predecessor-version":[{"id":110857,"href":"https:\/\/eldiariodesanpedro.com.ar\/sitio\/wp-json\/wp\/v2\/posts\/110856\/revisions\/110857"}],"wp:featuredmedia":[{"embeddable":true,"href":"https:\/\/eldiariodesanpedro.com.ar\/sitio\/wp-json\/wp\/v2\/media\/97915"}],"wp:attachment":[{"href":"https:\/\/eldiariodesanpedro.com.ar\/sitio\/wp-json\/wp\/v2\/media?parent=110856"}],"wp:term":[{"taxonomy":"category","embeddable":true,"href":"https:\/\/eldiariodesanpedro.com.ar\/sitio\/wp-json\/wp\/v2\/categories?post=110856"},{"taxonomy":"post_tag","embeddable":true,"href":"https:\/\/eldiariodesanpedro.com.ar\/sitio\/wp-json\/wp\/v2\/tags?post=110856"}],"curies":[{"name":"wp","href":"https:\/\/api.w.org\/{rel}","templated":true}]}}