{"id":110851,"date":"2022-09-22T10:40:41","date_gmt":"2022-09-22T13:40:41","guid":{"rendered":"https:\/\/eldiariodesanpedro.com.ar\/sitio\/?p=110851"},"modified":"2022-09-22T10:40:42","modified_gmt":"2022-09-22T13:40:42","slug":"campana-de-seguridad-vial-que-impulsa-el-ministerio-de-transporte-de-la-nacion","status":"publish","type":"post","link":"https:\/\/eldiariodesanpedro.com.ar\/sitio\/campana-de-seguridad-vial-que-impulsa-el-ministerio-de-transporte-de-la-nacion\/","title":{"rendered":"Campa\u00f1a de seguridad vial que impulsa el Ministerio de Transporte de la Naci\u00f3n"},"content":{"rendered":"<!-- VideographyWP Plugin Message: Automatic video embedding prevented by plugin options. -->\n\n<p>La Municipalidad de San Pedro, a trav\u00e9s del \u00e1rea de Licencias de Conducir dependiente de la Secretar\u00eda de Seguridad adhiere a la campa\u00f1a de seguridad vial que impulsa el Ministerio de Transporte de la Naci\u00f3n a trav\u00e9s de las siguientes recomendaciones.<\/p>\n\n\n\n<ul class=\"wp-block-list\"><li>Us\u00e1 cintur\u00f3n de seguridad, tanto en autom\u00f3viles como micros.<\/li><li>En moto, us\u00e1 siempre el casco, tu vida depende de \u00e9l.<\/li><li>Respet\u00e1 las velocidades m\u00e1ximas, por vos y por los dem\u00e1s.<\/li><li>No uses el celular cuando manejes, las distracciones provocan siniestros viales.<\/li><li>Us\u00e1 los Sistemas de Retenci\u00f3n Infantil adecuados, cuid\u00e1 a los m\u00e1s chiquitos.<\/li><li>Si manej\u00e1s, alcohol cero siempre.<\/li><\/ul>\n\n\n\n<p>El consumo de alcohol disminuye las capacidades motoras y de visi\u00f3n, perjudica la toma de decisiones al volante, ralentiza los reflejos y reduce la atenci\u00f3n y la agudeza visual. Adem\u00e1s, puede provocar una falsa sensaci\u00f3n de seguridad y p\u00e9rdida de inhibiciones, situaci\u00f3n que puede fomentar que los conductores tomen conductas temerarias como exceder la velocidad y\/o no utilizar el cintur\u00f3n de seguridad o casco.<\/p>\n\n\n\n<p>Los siniestros viales son la primera causa de muerte entre los j\u00f3venes de 15 a 35 a\u00f1os y la conducci\u00f3n bajo los efectos del alcohol es uno de los factores determinantes m\u00e1s importantes.<\/p>\n\n\n\n<p>El alcohol est\u00e1 presente en al menos 1 de cada 4 siniestros viales con fallecidos.<\/p>\n\n\n\n<p>El alcohol, incluso desde la primera copa, ya afecta la aptitud para conducir: la percepci\u00f3n se distorsiona, se asumen riesgos aumentados y el auto se transforma en un arma.<\/p>\n\n\n\n<figure class=\"wp-block-image size-full\"><img decoding=\"async\" width=\"752\" height=\"630\" data-attachment-id=\"110853\" data-permalink=\"https:\/\/eldiariodesanpedro.com.ar\/sitio\/campana-de-seguridad-vial-que-impulsa-el-ministerio-de-transporte-de-la-nacion\/whatsapp-image-2022-09-22-at-09-21-32\/\" data-orig-file=\"https:\/\/eldiariodesanpedro.com.ar\/sitio\/wp-content\/uploads\/2022\/09\/WhatsApp-Image-2022-09-22-at-09.21.32.jpeg\" data-orig-size=\"752,630\" data-comments-opened=\"0\" data-image-meta=\"{&quot;aperture&quot;:&quot;0&quot;,&quot;credit&quot;:&quot;&quot;,&quot;camera&quot;:&quot;&quot;,&quot;caption&quot;:&quot;&quot;,&quot;created_timestamp&quot;:&quot;0&quot;,&quot;copyright&quot;:&quot;&quot;,&quot;focal_length&quot;:&quot;0&quot;,&quot;iso&quot;:&quot;0&quot;,&quot;shutter_speed&quot;:&quot;0&quot;,&quot;title&quot;:&quot;&quot;,&quot;orientation&quot;:&quot;0&quot;}\" data-image-title=\"WhatsApp Image 2022-09-22 at 09.21.32\" data-image-description=\"\" data-image-caption=\"\" data-large-file=\"https:\/\/eldiariodesanpedro.com.ar\/sitio\/wp-content\/uploads\/2022\/09\/WhatsApp-Image-2022-09-22-at-09.21.32.jpeg\" data-src=\"https:\/\/eldiariodesanpedro.com.ar\/sitio\/wp-content\/uploads\/2022\/09\/WhatsApp-Image-2022-09-22-at-09.21.32.jpeg\" alt=\"\" class=\"wp-image-110853 lazyload\" data-srcset=\"https:\/\/eldiariodesanpedro.com.ar\/sitio\/wp-content\/uploads\/2022\/09\/WhatsApp-Image-2022-09-22-at-09.21.32.jpeg 752w, https:\/\/eldiariodesanpedro.com.ar\/sitio\/wp-content\/uploads\/2022\/09\/WhatsApp-Image-2022-09-22-at-09.21.32-300x251.jpeg 300w\" data-sizes=\"(max-width: 752px) 100vw, 752px\" src=\"data:image\/svg+xml;base64,PHN2ZyB3aWR0aD0iMSIgaGVpZ2h0PSIxIiB4bWxucz0iaHR0cDovL3d3dy53My5vcmcvMjAwMC9zdmciPjwvc3ZnPg==\" style=\"--smush-placeholder-width: 752px; --smush-placeholder-aspect-ratio: 752\/630;\" \/><\/figure>\n\n\n\n<figure class=\"wp-block-image size-full\"><img decoding=\"async\" width=\"752\" height=\"630\" data-attachment-id=\"110852\" data-permalink=\"https:\/\/eldiariodesanpedro.com.ar\/sitio\/campana-de-seguridad-vial-que-impulsa-el-ministerio-de-transporte-de-la-nacion\/whatsapp-image-2022-09-22-at-09-21-31\/\" data-orig-file=\"https:\/\/eldiariodesanpedro.com.ar\/sitio\/wp-content\/uploads\/2022\/09\/WhatsApp-Image-2022-09-22-at-09.21.31.jpeg\" data-orig-size=\"752,630\" data-comments-opened=\"0\" data-image-meta=\"{&quot;aperture&quot;:&quot;0&quot;,&quot;credit&quot;:&quot;&quot;,&quot;camera&quot;:&quot;&quot;,&quot;caption&quot;:&quot;&quot;,&quot;created_timestamp&quot;:&quot;0&quot;,&quot;copyright&quot;:&quot;&quot;,&quot;focal_length&quot;:&quot;0&quot;,&quot;iso&quot;:&quot;0&quot;,&quot;shutter_speed&quot;:&quot;0&quot;,&quot;title&quot;:&quot;&quot;,&quot;orientation&quot;:&quot;0&quot;}\" data-image-title=\"WhatsApp Image 2022-09-22 at 09.21.31\" data-image-description=\"\" data-image-caption=\"\" data-large-file=\"https:\/\/eldiariodesanpedro.com.ar\/sitio\/wp-content\/uploads\/2022\/09\/WhatsApp-Image-2022-09-22-at-09.21.31.jpeg\" data-src=\"https:\/\/eldiariodesanpedro.com.ar\/sitio\/wp-content\/uploads\/2022\/09\/WhatsApp-Image-2022-09-22-at-09.21.31.jpeg\" alt=\"\" class=\"wp-image-110852 lazyload\" data-srcset=\"https:\/\/eldiariodesanpedro.com.ar\/sitio\/wp-content\/uploads\/2022\/09\/WhatsApp-Image-2022-09-22-at-09.21.31.jpeg 752w, https:\/\/eldiariodesanpedro.com.ar\/sitio\/wp-content\/uploads\/2022\/09\/WhatsApp-Image-2022-09-22-at-09.21.31-300x251.jpeg 300w\" data-sizes=\"(max-width: 752px) 100vw, 752px\" src=\"data:image\/svg+xml;base64,PHN2ZyB3aWR0aD0iMSIgaGVpZ2h0PSIxIiB4bWxucz0iaHR0cDovL3d3dy53My5vcmcvMjAwMC9zdmciPjwvc3ZnPg==\" style=\"--smush-placeholder-width: 752px; --smush-placeholder-aspect-ratio: 752\/630;\" \/><\/figure>\n","protected":false},"excerpt":{"rendered":"<p>La Municipalidad de San Pedro, a trav\u00e9s del \u00e1rea de Licencias de Conducir dependiente de la Secretar\u00eda de Seguridad adhiere a la campa\u00f1a de seguridad vial que impulsa el Ministerio de Transporte de la Naci\u00f3n a trav\u00e9s de las siguientes recomendaciones. Us\u00e1 cintur\u00f3n de seguridad, tanto en autom\u00f3viles como micros. En moto, us\u00e1 siempre el [&hellip;]<\/p>\n","protected":false},"author":4,"featured_media":110854,"comment_status":"closed","ping_status":"closed","sticky":false,"template":"","format":"standard","meta":{"om_disable_all_campaigns":false,"_jetpack_memberships_contains_paid_content":false,"footnotes":""},"categories":[101,2],"tags":[197,696,33,19],"class_list":["post-110851","post","type-post","status-publish","format-standard","has-post-thumbnail","hentry","category-interes-general-locales","category-locales","tag-buenos-aires","tag-interes-general","tag-locales","tag-san-pedro"],"aioseo_notices":[],"gutentor_comment":0,"jetpack_featured_media_url":"https:\/\/eldiariodesanpedro.com.ar\/sitio\/wp-content\/uploads\/2022\/09\/WhatsApp-Image-2022-09-22-at-09.21.33.jpeg","jetpack_shortlink":"https:\/\/wp.me\/p6RhLt-sPV","jetpack_sharing_enabled":true,"_links":{"self":[{"href":"https:\/\/eldiariodesanpedro.com.ar\/sitio\/wp-json\/wp\/v2\/posts\/110851","targetHints":{"allow":["GET"]}}],"collection":[{"href":"https:\/\/eldiariodesanpedro.com.ar\/sitio\/wp-json\/wp\/v2\/posts"}],"about":[{"href":"https:\/\/eldiariodesanpedro.com.ar\/sitio\/wp-json\/wp\/v2\/types\/post"}],"author":[{"embeddable":true,"href":"https:\/\/eldiariodesanpedro.com.ar\/sitio\/wp-json\/wp\/v2\/users\/4"}],"replies":[{"embeddable":true,"href":"https:\/\/eldiariodesanpedro.com.ar\/sitio\/wp-json\/wp\/v2\/comments?post=110851"}],"version-history":[{"count":1,"href":"https:\/\/eldiariodesanpedro.com.ar\/sitio\/wp-json\/wp\/v2\/posts\/110851\/revisions"}],"predecessor-version":[{"id":110855,"href":"https:\/\/eldiariodesanpedro.com.ar\/sitio\/wp-json\/wp\/v2\/posts\/110851\/revisions\/110855"}],"wp:featuredmedia":[{"embeddable":true,"href":"https:\/\/eldiariodesanpedro.com.ar\/sitio\/wp-json\/wp\/v2\/media\/110854"}],"wp:attachment":[{"href":"https:\/\/eldiariodesanpedro.com.ar\/sitio\/wp-json\/wp\/v2\/media?parent=110851"}],"wp:term":[{"taxonomy":"category","embeddable":true,"href":"https:\/\/eldiariodesanpedro.com.ar\/sitio\/wp-json\/wp\/v2\/categories?post=110851"},{"taxonomy":"post_tag","embeddable":true,"href":"https:\/\/eldiariodesanpedro.com.ar\/sitio\/wp-json\/wp\/v2\/tags?post=110851"}],"curies":[{"name":"wp","href":"https:\/\/api.w.org\/{rel}","templated":true}]}}