{"id":110849,"date":"2022-09-22T10:36:02","date_gmt":"2022-09-22T13:36:02","guid":{"rendered":"https:\/\/eldiariodesanpedro.com.ar\/sitio\/?p=110849"},"modified":"2022-09-22T10:36:04","modified_gmt":"2022-09-22T13:36:04","slug":"anses-quienes-cobran-hoy-22-de-septiembre-jubilaciones-auh-suaf-aue","status":"publish","type":"post","link":"https:\/\/eldiariodesanpedro.com.ar\/sitio\/anses-quienes-cobran-hoy-22-de-septiembre-jubilaciones-auh-suaf-aue\/","title":{"rendered":"ANSES: qui\u00e9nes cobran hoy, 22 de septiembre, jubilaciones, AUH, SUAF, AUE"},"content":{"rendered":"<!-- VideographyWP Plugin Message: Automatic video embedding prevented by plugin options. -->\n\n<p>Comienza el calendario de pagos de ANSES correspondiente a este mes. Mir\u00e1 qui\u00e9nes cobran este jueves 22 de septiembre.<\/p>\n\n\n\n<h2 class=\"wp-block-heading\">\u00bfQui\u00e9nes cobran en ANSES este jueves 22 de septiembre?<\/h2>\n\n\n\n<p>Este d\u00eda h\u00e1bil de septiembre cobran los beneficiarios y beneficiarias de\u00a0<strong>Asignaciones Familiares de PNC; Asignaci\u00f3n por Embarazo; y Asignaciones de pago \u00fanico.\u00a0<\/strong>Se trata del pago del haber correspondiente al mes en curso.<\/p>\n\n\n\n<h2 class=\"wp-block-heading\">Calendario de pagos Anses: Asignaci\u00f3n por Embarazo<\/h2>\n\n\n\n<ul class=\"wp-block-list\"><li><strong>DNI terminados en 9: jueves 22 de septiembre.<\/strong><\/li><\/ul>\n\n\n\n<h2 class=\"wp-block-heading\">Calendario de pagos ANSES: Asignaciones Familiares de PNC<\/h2>\n\n\n\n<ul class=\"wp-block-list\"><li>Todas las terminaciones del DNI cobrar\u00e1n&nbsp;<strong>del 8 de septiembre al 12 de octubre.<\/strong><\/li><\/ul>\n\n\n\n<h2 class=\"wp-block-heading\">ANSES: Calendario de cobro de las Asignaciones de pago \u00fanico<\/h2>\n\n\n\n<p>Las asignaciones de pago \u00fanico tiene tres canales: matrimonio, adopci\u00f3n y nacimiento. Los beneficiarios con todas las terminaciones del DNI podr\u00e1n cobrarlo en la siguiente fecha:<\/p>\n\n\n\n<ul class=\"wp-block-list\"><li><strong>Primera quincena: 5 de septiembre al 12 de octubre.<\/strong><\/li><li>Segunda Quincena: 21 de septiembre al 12 de octubre.<\/li><\/ul>\n\n\n\n<p>La Administraci\u00f3n Nacional de la Seguridad Social (ANSES) record\u00f3 que,&nbsp;<strong>si bien no tienen que solicitar turno para cobrar este beneficio, deben acercarse a la entidad bancaria \u00fanicamente en la fecha asignada.<\/strong><\/p>\n\n\n\n<p>El resto de las prestaciones comenzar\u00e1 su calendario de pagos en los pr\u00f3ximos d\u00edas.<\/p>\n\n\n\n<p><a href=\"https:\/\/media.infocielo.com\/p\/06601764b25d1e64122dde49713cd365\/adjuntos\/299\/imagenes\/001\/490\/0001490527\/887x0\/smart\/anses-oficina-atencion-trabajadoresjpg.jpg\"><\/a><\/p>\n","protected":false},"excerpt":{"rendered":"<p>Comienza el calendario de pagos de ANSES correspondiente a este mes. Mir\u00e1 qui\u00e9nes cobran este jueves 22 de septiembre. \u00bfQui\u00e9nes cobran en ANSES este jueves 22 de septiembre? Este d\u00eda h\u00e1bil de septiembre cobran los beneficiarios y beneficiarias de\u00a0Asignaciones Familiares de PNC; Asignaci\u00f3n por Embarazo; y Asignaciones de pago \u00fanico.\u00a0Se trata del pago del haber [&hellip;]<\/p>\n","protected":false},"author":4,"featured_media":100119,"comment_status":"closed","ping_status":"closed","sticky":false,"template":"","format":"standard","meta":{"om_disable_all_campaigns":false,"_jetpack_memberships_contains_paid_content":false,"footnotes":""},"categories":[101,2],"tags":[197,696,33,19],"class_list":["post-110849","post","type-post","status-publish","format-standard","has-post-thumbnail","hentry","category-interes-general-locales","category-locales","tag-buenos-aires","tag-interes-general","tag-locales","tag-san-pedro"],"aioseo_notices":[],"gutentor_comment":0,"jetpack_featured_media_url":"https:\/\/eldiariodesanpedro.com.ar\/sitio\/wp-content\/uploads\/2021\/10\/ansesjpgjpg.jpg","jetpack_shortlink":"https:\/\/wp.me\/p6RhLt-sPT","jetpack_sharing_enabled":true,"_links":{"self":[{"href":"https:\/\/eldiariodesanpedro.com.ar\/sitio\/wp-json\/wp\/v2\/posts\/110849","targetHints":{"allow":["GET"]}}],"collection":[{"href":"https:\/\/eldiariodesanpedro.com.ar\/sitio\/wp-json\/wp\/v2\/posts"}],"about":[{"href":"https:\/\/eldiariodesanpedro.com.ar\/sitio\/wp-json\/wp\/v2\/types\/post"}],"author":[{"embeddable":true,"href":"https:\/\/eldiariodesanpedro.com.ar\/sitio\/wp-json\/wp\/v2\/users\/4"}],"replies":[{"embeddable":true,"href":"https:\/\/eldiariodesanpedro.com.ar\/sitio\/wp-json\/wp\/v2\/comments?post=110849"}],"version-history":[{"count":1,"href":"https:\/\/eldiariodesanpedro.com.ar\/sitio\/wp-json\/wp\/v2\/posts\/110849\/revisions"}],"predecessor-version":[{"id":110850,"href":"https:\/\/eldiariodesanpedro.com.ar\/sitio\/wp-json\/wp\/v2\/posts\/110849\/revisions\/110850"}],"wp:featuredmedia":[{"embeddable":true,"href":"https:\/\/eldiariodesanpedro.com.ar\/sitio\/wp-json\/wp\/v2\/media\/100119"}],"wp:attachment":[{"href":"https:\/\/eldiariodesanpedro.com.ar\/sitio\/wp-json\/wp\/v2\/media?parent=110849"}],"wp:term":[{"taxonomy":"category","embeddable":true,"href":"https:\/\/eldiariodesanpedro.com.ar\/sitio\/wp-json\/wp\/v2\/categories?post=110849"},{"taxonomy":"post_tag","embeddable":true,"href":"https:\/\/eldiariodesanpedro.com.ar\/sitio\/wp-json\/wp\/v2\/tags?post=110849"}],"curies":[{"name":"wp","href":"https:\/\/api.w.org\/{rel}","templated":true}]}}