{"id":110845,"date":"2022-09-21T20:27:50","date_gmt":"2022-09-21T23:27:50","guid":{"rendered":"https:\/\/eldiariodesanpedro.com.ar\/sitio\/?p=110845"},"modified":"2022-09-21T20:27:51","modified_gmt":"2022-09-21T23:27:51","slug":"licitacion-para-la-contratacion-del-servicio-de-transporte-terrestre-para-el-traslado-de-alumnos-para-los-recorridos-con-micros-y-combis-2","status":"publish","type":"post","link":"https:\/\/eldiariodesanpedro.com.ar\/sitio\/licitacion-para-la-contratacion-del-servicio-de-transporte-terrestre-para-el-traslado-de-alumnos-para-los-recorridos-con-micros-y-combis-2\/","title":{"rendered":"Licitaci\u00f3n para la contrataci\u00f3n del servicio de transporte terrestre para el traslado de alumnos para los recorridos con micros y combis"},"content":{"rendered":"<!-- VideographyWP Plugin Message: Automatic video embedding prevented by plugin options. -->\n\n<p>Consejo Escolar San Pedro llama a licitaci\u00f3n para la contrataci\u00f3n del servicio de transporte terrestre para el traslado de alumnos para los recorridos con micros y combis. Consulta y retiro de pliegos en Ayacucho e Ituzaing\u00f3 1\u00ba Piso, de 8 a 12 hs. <br>Apertura de ofertas: 23 de septiembre de 2022 a las 9 hs. <br>Lugar de apertura de ofertas: Ayacucho e Ituzaing\u00f3 1\u00ba Piso.<\/p>\n\n\n\n<p>JAVIER S\u00c1NCHEZ <br>SECRETARIO T\u00c9CNICO <br>CONSEJO ESCOLAR SAN PEDRO<\/p>\n\n\n\n<p>(Publicaci\u00f3n V\u00e1lida por los d\u00edas&nbsp; 21 de septiembre de 2022)<\/p>\n","protected":false},"excerpt":{"rendered":"<p>Consejo Escolar San Pedro llama a licitaci\u00f3n para la contrataci\u00f3n del servicio de transporte terrestre para el traslado de alumnos para los recorridos con micros y combis. Consulta y retiro de pliegos en Ayacucho e Ituzaing\u00f3 1\u00ba Piso, de 8 a 12 hs. Apertura de ofertas: 23 de septiembre de 2022 a las 9 hs. [&hellip;]<\/p>\n","protected":false},"author":4,"featured_media":110846,"comment_status":"closed","ping_status":"closed","sticky":false,"template":"","format":"standard","meta":{"om_disable_all_campaigns":false,"_jetpack_memberships_contains_paid_content":false,"footnotes":""},"categories":[815,676],"tags":[197,1121,1355,19,1122],"class_list":["post-110845","post","type-post","status-publish","format-standard","has-post-thumbnail","hentry","category-consejo-escolar","category-edictos","tag-buenos-aires","tag-edicto","tag-judiciales","tag-san-pedro","tag-sucesion"],"aioseo_notices":[],"gutentor_comment":0,"jetpack_featured_media_url":"https:\/\/eldiariodesanpedro.com.ar\/sitio\/wp-content\/uploads\/2022\/09\/Consejo-Escolar-21-09-2022.png","jetpack_shortlink":"https:\/\/wp.me\/p6RhLt-sPP","jetpack_sharing_enabled":true,"_links":{"self":[{"href":"https:\/\/eldiariodesanpedro.com.ar\/sitio\/wp-json\/wp\/v2\/posts\/110845","targetHints":{"allow":["GET"]}}],"collection":[{"href":"https:\/\/eldiariodesanpedro.com.ar\/sitio\/wp-json\/wp\/v2\/posts"}],"about":[{"href":"https:\/\/eldiariodesanpedro.com.ar\/sitio\/wp-json\/wp\/v2\/types\/post"}],"author":[{"embeddable":true,"href":"https:\/\/eldiariodesanpedro.com.ar\/sitio\/wp-json\/wp\/v2\/users\/4"}],"replies":[{"embeddable":true,"href":"https:\/\/eldiariodesanpedro.com.ar\/sitio\/wp-json\/wp\/v2\/comments?post=110845"}],"version-history":[{"count":1,"href":"https:\/\/eldiariodesanpedro.com.ar\/sitio\/wp-json\/wp\/v2\/posts\/110845\/revisions"}],"predecessor-version":[{"id":110847,"href":"https:\/\/eldiariodesanpedro.com.ar\/sitio\/wp-json\/wp\/v2\/posts\/110845\/revisions\/110847"}],"wp:featuredmedia":[{"embeddable":true,"href":"https:\/\/eldiariodesanpedro.com.ar\/sitio\/wp-json\/wp\/v2\/media\/110846"}],"wp:attachment":[{"href":"https:\/\/eldiariodesanpedro.com.ar\/sitio\/wp-json\/wp\/v2\/media?parent=110845"}],"wp:term":[{"taxonomy":"category","embeddable":true,"href":"https:\/\/eldiariodesanpedro.com.ar\/sitio\/wp-json\/wp\/v2\/categories?post=110845"},{"taxonomy":"post_tag","embeddable":true,"href":"https:\/\/eldiariodesanpedro.com.ar\/sitio\/wp-json\/wp\/v2\/tags?post=110845"}],"curies":[{"name":"wp","href":"https:\/\/api.w.org\/{rel}","templated":true}]}}