{"id":110838,"date":"2022-09-21T20:01:16","date_gmt":"2022-09-21T23:01:16","guid":{"rendered":"https:\/\/eldiariodesanpedro.com.ar\/sitio\/?p=110838"},"modified":"2022-09-21T20:01:18","modified_gmt":"2022-09-21T23:01:18","slug":"edicto-de-sucesion-de-nicho-de-matti-tomas-luis-cementerio-de-baradero","status":"publish","type":"post","link":"https:\/\/eldiariodesanpedro.com.ar\/sitio\/edicto-de-sucesion-de-nicho-de-matti-tomas-luis-cementerio-de-baradero\/","title":{"rendered":"Edicto de Sucesi\u00f3n de nicho de Matti Tom\u00e1s Luis Cementerio de Baradero"},"content":{"rendered":"<!-- VideographyWP Plugin Message: Automatic video embedding prevented by plugin options. -->\n\n<p>La Municipalidad de Baradero cita y emplaza por treinta (30) d\u00edas a quienes se consideren con derecho sobre el nicho ubicado en la Secci\u00f3n C, Tabl\u00f3n 5, Lote 93, Cuenta N\u00ba 19000035, que figura arrendado por el Sr. Matti Tomas Luis el dia 2 de septiembre de 1974 a 99 a\u00f1os cuyo vencimiento es el dia 2 de septiembre de 2073 seg\u00fan consta en el libro 12, folio 28, del Cementerio Local.-<\/p>\n\n\n\n<p>ELIANA DOLCEMELO<br>ABOGADA<\/p>\n\n\n\n<p>(Publicaci\u00f3n V\u00e1lida por los d\u00edas\u00a0 21 y\u00a0 22\u00a0 de septiembre de 2022)<\/p>\n","protected":false},"excerpt":{"rendered":"<p>La Municipalidad de Baradero cita y emplaza por treinta (30) d\u00edas a quienes se consideren con derecho sobre el nicho ubicado en la Secci\u00f3n C, Tabl\u00f3n 5, Lote 93, Cuenta N\u00ba 19000035, que figura arrendado por el Sr. Matti Tomas Luis el dia 2 de septiembre de 1974 a 99 a\u00f1os cuyo vencimiento es el [&hellip;]<\/p>\n","protected":false},"author":4,"featured_media":81115,"comment_status":"closed","ping_status":"closed","sticky":false,"template":"","format":"standard","meta":{"om_disable_all_campaigns":false,"_jetpack_memberships_contains_paid_content":false,"footnotes":""},"categories":[676,677],"tags":[197,1121,1355,19,1122],"class_list":["post-110838","post","type-post","status-publish","format-standard","has-post-thumbnail","hentry","category-edictos","category-edictos-sucesorios","tag-buenos-aires","tag-edicto","tag-judiciales","tag-san-pedro","tag-sucesion"],"aioseo_notices":[],"gutentor_comment":0,"jetpack_featured_media_url":"https:\/\/eldiariodesanpedro.com.ar\/sitio\/wp-content\/uploads\/2020\/09\/Poder-Judicial.jpg","jetpack_shortlink":"https:\/\/wp.me\/p6RhLt-sPI","jetpack_sharing_enabled":true,"_links":{"self":[{"href":"https:\/\/eldiariodesanpedro.com.ar\/sitio\/wp-json\/wp\/v2\/posts\/110838","targetHints":{"allow":["GET"]}}],"collection":[{"href":"https:\/\/eldiariodesanpedro.com.ar\/sitio\/wp-json\/wp\/v2\/posts"}],"about":[{"href":"https:\/\/eldiariodesanpedro.com.ar\/sitio\/wp-json\/wp\/v2\/types\/post"}],"author":[{"embeddable":true,"href":"https:\/\/eldiariodesanpedro.com.ar\/sitio\/wp-json\/wp\/v2\/users\/4"}],"replies":[{"embeddable":true,"href":"https:\/\/eldiariodesanpedro.com.ar\/sitio\/wp-json\/wp\/v2\/comments?post=110838"}],"version-history":[{"count":1,"href":"https:\/\/eldiariodesanpedro.com.ar\/sitio\/wp-json\/wp\/v2\/posts\/110838\/revisions"}],"predecessor-version":[{"id":110839,"href":"https:\/\/eldiariodesanpedro.com.ar\/sitio\/wp-json\/wp\/v2\/posts\/110838\/revisions\/110839"}],"wp:featuredmedia":[{"embeddable":true,"href":"https:\/\/eldiariodesanpedro.com.ar\/sitio\/wp-json\/wp\/v2\/media\/81115"}],"wp:attachment":[{"href":"https:\/\/eldiariodesanpedro.com.ar\/sitio\/wp-json\/wp\/v2\/media?parent=110838"}],"wp:term":[{"taxonomy":"category","embeddable":true,"href":"https:\/\/eldiariodesanpedro.com.ar\/sitio\/wp-json\/wp\/v2\/categories?post=110838"},{"taxonomy":"post_tag","embeddable":true,"href":"https:\/\/eldiariodesanpedro.com.ar\/sitio\/wp-json\/wp\/v2\/tags?post=110838"}],"curies":[{"name":"wp","href":"https:\/\/api.w.org\/{rel}","templated":true}]}}