{"id":110817,"date":"2022-09-21T12:19:52","date_gmt":"2022-09-21T15:19:52","guid":{"rendered":"https:\/\/eldiariodesanpedro.com.ar\/sitio\/?p=110817"},"modified":"2022-09-21T12:19:53","modified_gmt":"2022-09-21T15:19:53","slug":"fue-estafado-por-instagram-cuando-compro-un-sofa-pagando-35-mil-pesos","status":"publish","type":"post","link":"https:\/\/eldiariodesanpedro.com.ar\/sitio\/fue-estafado-por-instagram-cuando-compro-un-sofa-pagando-35-mil-pesos\/","title":{"rendered":"Fue estafado por Instagram cuando compro un sof\u00e1 pagando 35 mil pesos"},"content":{"rendered":"<!-- VideographyWP Plugin Message: Automatic video embedding prevented by plugin options. -->\n\n<p>En el d\u00eda de ayer promediando las 16 horas denuncio una vecina de nuestra ciudad de 31 a\u00f1os, que el d\u00eda s\u00e1bado 17 en momentos en que navegaba por la red social Instagram, observa una publicaci\u00f3n sobre una venta de un sof\u00e1, por lo que interesada en la adquisici\u00f3n del mueble, mantiene comunicaci\u00f3n v\u00eda mensajer\u00eda privada de esa plataforma, en donde mediante trasferencia mercado pago env\u00eda a una cuenta virtual la suma aproximada de 35 mil pesos, constado luego a que se deb\u00eda a un timo debido a que varios usuario denuncian a la misma publicaci\u00f3n, por lo que ya no pudo mantener m\u00e1s comunicaci\u00f3n por esa publicaci\u00f3n.<\/p>\n","protected":false},"excerpt":{"rendered":"<p>En el d\u00eda de ayer promediando las 16 horas denuncio una vecina de nuestra ciudad de 31 a\u00f1os, que el d\u00eda s\u00e1bado 17 en momentos en que navegaba por la red social Instagram, observa una publicaci\u00f3n sobre una venta de un sof\u00e1, por lo que interesada en la adquisici\u00f3n del mueble, mantiene comunicaci\u00f3n v\u00eda mensajer\u00eda [&hellip;]<\/p>\n","protected":false},"author":4,"featured_media":103679,"comment_status":"closed","ping_status":"closed","sticky":false,"template":"","format":"standard","meta":{"om_disable_all_campaigns":false,"_jetpack_memberships_contains_paid_content":false,"footnotes":""},"categories":[50,2,103],"tags":[197,696,33,19],"class_list":["post-110817","post","type-post","status-publish","format-standard","has-post-thumbnail","hentry","category-destacadas","category-locales","category-policiales-locales","tag-buenos-aires","tag-interes-general","tag-locales","tag-san-pedro"],"aioseo_notices":[],"gutentor_comment":0,"jetpack_featured_media_url":"https:\/\/eldiariodesanpedro.com.ar\/sitio\/wp-content\/uploads\/2022\/02\/comisaria_san_pedro.jpg","jetpack_shortlink":"https:\/\/wp.me\/p6RhLt-sPn","jetpack_sharing_enabled":true,"_links":{"self":[{"href":"https:\/\/eldiariodesanpedro.com.ar\/sitio\/wp-json\/wp\/v2\/posts\/110817","targetHints":{"allow":["GET"]}}],"collection":[{"href":"https:\/\/eldiariodesanpedro.com.ar\/sitio\/wp-json\/wp\/v2\/posts"}],"about":[{"href":"https:\/\/eldiariodesanpedro.com.ar\/sitio\/wp-json\/wp\/v2\/types\/post"}],"author":[{"embeddable":true,"href":"https:\/\/eldiariodesanpedro.com.ar\/sitio\/wp-json\/wp\/v2\/users\/4"}],"replies":[{"embeddable":true,"href":"https:\/\/eldiariodesanpedro.com.ar\/sitio\/wp-json\/wp\/v2\/comments?post=110817"}],"version-history":[{"count":1,"href":"https:\/\/eldiariodesanpedro.com.ar\/sitio\/wp-json\/wp\/v2\/posts\/110817\/revisions"}],"predecessor-version":[{"id":110818,"href":"https:\/\/eldiariodesanpedro.com.ar\/sitio\/wp-json\/wp\/v2\/posts\/110817\/revisions\/110818"}],"wp:featuredmedia":[{"embeddable":true,"href":"https:\/\/eldiariodesanpedro.com.ar\/sitio\/wp-json\/wp\/v2\/media\/103679"}],"wp:attachment":[{"href":"https:\/\/eldiariodesanpedro.com.ar\/sitio\/wp-json\/wp\/v2\/media?parent=110817"}],"wp:term":[{"taxonomy":"category","embeddable":true,"href":"https:\/\/eldiariodesanpedro.com.ar\/sitio\/wp-json\/wp\/v2\/categories?post=110817"},{"taxonomy":"post_tag","embeddable":true,"href":"https:\/\/eldiariodesanpedro.com.ar\/sitio\/wp-json\/wp\/v2\/tags?post=110817"}],"curies":[{"name":"wp","href":"https:\/\/api.w.org\/{rel}","templated":true}]}}