{"id":110815,"date":"2022-09-21T10:39:39","date_gmt":"2022-09-21T13:39:39","guid":{"rendered":"https:\/\/eldiariodesanpedro.com.ar\/sitio\/?p=110815"},"modified":"2022-09-21T10:39:40","modified_gmt":"2022-09-21T13:39:40","slug":"renuncio-diego-solana-al-cargo-de-secretario-de-seguridad","status":"publish","type":"post","link":"https:\/\/eldiariodesanpedro.com.ar\/sitio\/renuncio-diego-solana-al-cargo-de-secretario-de-seguridad\/","title":{"rendered":"Renuncio Diego Solana al cargo de Secretario de Seguridad"},"content":{"rendered":"<!-- VideographyWP Plugin Message: Automatic video embedding prevented by plugin options. -->\n\n<p>El funcionario presento la renuncia al cargo de Secretario de Seguridad y adem\u00e1s realizo un descargo a trav\u00e9s de sus redes sociales, planteando que deja su lugar por problemas familiares.<\/p>\n\n\n\n<p>Luego de 6 meses en su cargo el Abogado Diego Solana decidi\u00f3 por problemas familiares dejar su cargo por lo que presento la renuncia al Intendente Ramon Salazar y seguir\u00e1 en el cargo hasta el 30 de septiembre.<\/p>\n\n\n\n<p><em>Hace muchos a\u00f1os proyect\u00e9 un modelo de familia del cual estoy 100% orgulloso. Es lo que m\u00e1s amo en esta vida y es mi \u00fanica prioridad. Los \u00faltimos 8 meses se los dediqu\u00e9 de lleno a la funci\u00f3n p\u00fablica, 24&#215;7 y eso me trajo consecuencias, un gran desgaste f\u00edsico y emocional. Hoy tuve que elegir y sin dudarlo los eleg\u00ed a ellos, los que me hacen feliz cada d\u00eda de mi vida.<br>No por eso tengo que dejar de agradecerle a mi amigo Ram\u00f3n Salazar por haber confiado en m\u00ed la Secretaria de Seguridad P\u00fablica de esta hermosa ciudad, lo hice con orgullo y responsabilidad como se lo merece cada vecino y amigo de San Pedro.<br>Cumpl\u00ed con la mayor\u00eda de los objetivos que me fij\u00e9 all\u00e1 por febrero de este a\u00f1o, algunos est\u00e1n a punto de realizarse y muchos m\u00e1s con los que so\u00f1\u00e9, pronto se concretar\u00e1n.<br>Un gran saludo a todos los funcionarios con los que trabaj\u00e9 codo a codo, me llevo de mi paso por la municipalidad grandes amigos. Gracias Juan Carlos, Walter, \u00c1ngel, a todos los inspectores, a los chicos de monitoreo, a las chicas y chicos de la oficina (especialmente a Vero). Gracias a todas las polic\u00edas: Comunal (German y Valeria), a la Comisar\u00eda de la Mujer y la Familia (Mariana), a la Patrulla de prevenci\u00f3n Rural (Dario), a las fuerzas especiales y sus jefes, y al gran Fabio. Los voy a extra\u00f1ar, pero sin dudas voy a estar donde quiero estar, cerca, bien cerca de mi familia. Mi mayor tesoro!<br>Pd. Hasta el 30 de septiembre laburando comprometido como el primer d\u00eda, con todas las ganas y la mayor de las responsabilidades, luego acompa\u00f1ando al intendente desde otro lugar\u2026<br>Nos vemos en el Country Music Festival!!!<br>HLVS<\/em><\/p>\n","protected":false},"excerpt":{"rendered":"<p>El funcionario presento la renuncia al cargo de Secretario de Seguridad y adem\u00e1s realizo un descargo a trav\u00e9s de sus redes sociales, planteando que deja su lugar por problemas familiares. Luego de 6 meses en su cargo el Abogado Diego Solana decidi\u00f3 por problemas familiares dejar su cargo por lo que presento la renuncia al [&hellip;]<\/p>\n","protected":false},"author":4,"featured_media":104284,"comment_status":"closed","ping_status":"closed","sticky":false,"template":"","format":"standard","meta":{"om_disable_all_campaigns":false,"_jetpack_memberships_contains_paid_content":false,"footnotes":""},"categories":[50,101,2],"tags":[197,696,33,19],"class_list":["post-110815","post","type-post","status-publish","format-standard","has-post-thumbnail","hentry","category-destacadas","category-interes-general-locales","category-locales","tag-buenos-aires","tag-interes-general","tag-locales","tag-san-pedro"],"aioseo_notices":[],"gutentor_comment":0,"jetpack_featured_media_url":"https:\/\/eldiariodesanpedro.com.ar\/sitio\/wp-content\/uploads\/2022\/02\/WhatsApp-Image-2022-02-18-at-17.23.49.jpeg","jetpack_shortlink":"https:\/\/wp.me\/p6RhLt-sPl","jetpack_sharing_enabled":true,"_links":{"self":[{"href":"https:\/\/eldiariodesanpedro.com.ar\/sitio\/wp-json\/wp\/v2\/posts\/110815","targetHints":{"allow":["GET"]}}],"collection":[{"href":"https:\/\/eldiariodesanpedro.com.ar\/sitio\/wp-json\/wp\/v2\/posts"}],"about":[{"href":"https:\/\/eldiariodesanpedro.com.ar\/sitio\/wp-json\/wp\/v2\/types\/post"}],"author":[{"embeddable":true,"href":"https:\/\/eldiariodesanpedro.com.ar\/sitio\/wp-json\/wp\/v2\/users\/4"}],"replies":[{"embeddable":true,"href":"https:\/\/eldiariodesanpedro.com.ar\/sitio\/wp-json\/wp\/v2\/comments?post=110815"}],"version-history":[{"count":1,"href":"https:\/\/eldiariodesanpedro.com.ar\/sitio\/wp-json\/wp\/v2\/posts\/110815\/revisions"}],"predecessor-version":[{"id":110816,"href":"https:\/\/eldiariodesanpedro.com.ar\/sitio\/wp-json\/wp\/v2\/posts\/110815\/revisions\/110816"}],"wp:featuredmedia":[{"embeddable":true,"href":"https:\/\/eldiariodesanpedro.com.ar\/sitio\/wp-json\/wp\/v2\/media\/104284"}],"wp:attachment":[{"href":"https:\/\/eldiariodesanpedro.com.ar\/sitio\/wp-json\/wp\/v2\/media?parent=110815"}],"wp:term":[{"taxonomy":"category","embeddable":true,"href":"https:\/\/eldiariodesanpedro.com.ar\/sitio\/wp-json\/wp\/v2\/categories?post=110815"},{"taxonomy":"post_tag","embeddable":true,"href":"https:\/\/eldiariodesanpedro.com.ar\/sitio\/wp-json\/wp\/v2\/tags?post=110815"}],"curies":[{"name":"wp","href":"https:\/\/api.w.org\/{rel}","templated":true}]}}