{"id":110796,"date":"2022-09-20T18:35:51","date_gmt":"2022-09-20T21:35:51","guid":{"rendered":"https:\/\/eldiariodesanpedro.com.ar\/sitio\/?p=110796"},"modified":"2022-09-20T18:35:53","modified_gmt":"2022-09-20T21:35:53","slug":"presentacion-del-17-san-pedro-country-music-festival","status":"publish","type":"post","link":"https:\/\/eldiariodesanpedro.com.ar\/sitio\/presentacion-del-17-san-pedro-country-music-festival\/","title":{"rendered":"Presentaci\u00f3n del 17\u00b0 San Pedro Country Music Festival"},"content":{"rendered":"<!-- VideographyWP Plugin Message: Automatic video embedding prevented by plugin options. -->\n\n<p>Se present\u00f3 esta ma\u00f1ana en la Casona de la Secretar\u00eda de Turismo, el 17\u00b0 San Pedro Country Music Festival que regresa despu\u00e9s de la Pandemia de Covid. La titular del \u00e1rea Marcela Cu\u00f1er, en representaci\u00f3n de la Municipalidad de San Pedro y el productor del evento (junto a Independencia F\u00fatbol Club), Gustavo Laurino compartieron detalles de esta fiesta que vuelve a convocar a miles de turistas desde este viernes, y que nuevamente marca un fin de semana extra, que se suma a los fines de semana largo en los que San Pedro presenta propuestas culturales y art\u00edsticas.<\/p>\n\n\n\n<iframe data-src=\"https:\/\/www.facebook.com\/plugins\/video.php?height=314&#038;href=https%3A%2F%2Fwww.facebook.com%2Fdiariosp2%2Fvideos%2F758864188538960%2F&#038;show_text=false&#038;width=560&#038;t=0\" width=\"560\" height=\"314\" style=\"border:none;overflow:hidden\" scrolling=\"no\" frameborder=\"0\" allowfullscreen=\"true\" allow=\"autoplay; clipboard-write; encrypted-media; picture-in-picture; web-share\" allowFullScreen=\"true\" src=\"data:image\/svg+xml;base64,PHN2ZyB3aWR0aD0iMSIgaGVpZ2h0PSIxIiB4bWxucz0iaHR0cDovL3d3dy53My5vcmcvMjAwMC9zdmciPjwvc3ZnPg==\" class=\"lazyload\" data-load-mode=\"1\"><\/iframe>\n\n\n\n<p>El festival comenzar\u00e1 el viernes 23 desde las 14 en el Paseo P\u00fablico y en el lugar habr\u00e1 un operativo especial coordinando el sector asignado a la fiesta que se extender\u00e1 hasta el domingo a las 21 horas.<\/p>\n\n\n\n<p>Participar\u00e1n m\u00e1s de 60 grupos de Argentina y el exterior, y el domingo sobre la Avenida Costanera se organizar\u00e1 adem\u00e1s un encuentro de line-dance, desde las 10.30, previo al inicio de la programaci\u00f3n musical en el escenario.<\/p>\n\n\n\n<p>Desde la Secretar\u00eda de Seguridad y la Direcci\u00f3n de Tr\u00e1nsito se dispondr\u00e1 un operativo especial para controlar la circulaci\u00f3n que desde el viernes a las 8, ser\u00e1 s\u00f3lo en direcci\u00f3n Club N\u00e1utico &#8211; 11 de Septiembre, ingresando por el Paseo P\u00fablico. Adem\u00e1s, desde la Direcci\u00f3n de Comercio en conjunto con Independencia F\u00fatbol Club se realizar\u00e1 el control de los espacios pre-asignados para la feria autorizada dentro del predio del Paseo P\u00fablico.<\/p>\n\n\n\n<p>La grilla de artistas y los horarios se van actualizando junto a la informaci\u00f3n de cada d\u00eda en las redes sociales oficiales de country2.com.<\/p>\n\n\n\n<figure class=\"wp-block-image size-full\"><img decoding=\"async\" width=\"630\" height=\"630\" data-attachment-id=\"110799\" data-permalink=\"https:\/\/eldiariodesanpedro.com.ar\/sitio\/presentacion-del-17-san-pedro-country-music-festival\/whatsapp-image-2022-09-20-at-13-58-06\/\" data-orig-file=\"https:\/\/eldiariodesanpedro.com.ar\/sitio\/wp-content\/uploads\/2022\/09\/WhatsApp-Image-2022-09-20-at-13.58.06.jpeg\" data-orig-size=\"630,630\" data-comments-opened=\"0\" data-image-meta=\"{&quot;aperture&quot;:&quot;0&quot;,&quot;credit&quot;:&quot;&quot;,&quot;camera&quot;:&quot;&quot;,&quot;caption&quot;:&quot;&quot;,&quot;created_timestamp&quot;:&quot;0&quot;,&quot;copyright&quot;:&quot;&quot;,&quot;focal_length&quot;:&quot;0&quot;,&quot;iso&quot;:&quot;0&quot;,&quot;shutter_speed&quot;:&quot;0&quot;,&quot;title&quot;:&quot;&quot;,&quot;orientation&quot;:&quot;0&quot;}\" data-image-title=\"WhatsApp Image 2022-09-20 at 13.58.06\" data-image-description=\"\" data-image-caption=\"\" data-large-file=\"https:\/\/eldiariodesanpedro.com.ar\/sitio\/wp-content\/uploads\/2022\/09\/WhatsApp-Image-2022-09-20-at-13.58.06.jpeg\" data-src=\"https:\/\/eldiariodesanpedro.com.ar\/sitio\/wp-content\/uploads\/2022\/09\/WhatsApp-Image-2022-09-20-at-13.58.06.jpeg\" alt=\"\" class=\"wp-image-110799 lazyload\" data-srcset=\"https:\/\/eldiariodesanpedro.com.ar\/sitio\/wp-content\/uploads\/2022\/09\/WhatsApp-Image-2022-09-20-at-13.58.06.jpeg 630w, https:\/\/eldiariodesanpedro.com.ar\/sitio\/wp-content\/uploads\/2022\/09\/WhatsApp-Image-2022-09-20-at-13.58.06-300x300.jpeg 300w, https:\/\/eldiariodesanpedro.com.ar\/sitio\/wp-content\/uploads\/2022\/09\/WhatsApp-Image-2022-09-20-at-13.58.06-150x150.jpeg 150w\" data-sizes=\"(max-width: 630px) 100vw, 630px\" src=\"data:image\/svg+xml;base64,PHN2ZyB3aWR0aD0iMSIgaGVpZ2h0PSIxIiB4bWxucz0iaHR0cDovL3d3dy53My5vcmcvMjAwMC9zdmciPjwvc3ZnPg==\" style=\"--smush-placeholder-width: 630px; --smush-placeholder-aspect-ratio: 630\/630;\" \/><\/figure>\n\n\n\n<figure class=\"wp-block-image size-full\"><img decoding=\"async\" width=\"840\" height=\"630\" data-attachment-id=\"110797\" data-permalink=\"https:\/\/eldiariodesanpedro.com.ar\/sitio\/presentacion-del-17-san-pedro-country-music-festival\/whatsapp-image-2022-09-20-at-13-58-04\/\" data-orig-file=\"https:\/\/eldiariodesanpedro.com.ar\/sitio\/wp-content\/uploads\/2022\/09\/WhatsApp-Image-2022-09-20-at-13.58.04.jpeg\" data-orig-size=\"840,630\" data-comments-opened=\"0\" data-image-meta=\"{&quot;aperture&quot;:&quot;0&quot;,&quot;credit&quot;:&quot;&quot;,&quot;camera&quot;:&quot;&quot;,&quot;caption&quot;:&quot;&quot;,&quot;created_timestamp&quot;:&quot;0&quot;,&quot;copyright&quot;:&quot;&quot;,&quot;focal_length&quot;:&quot;0&quot;,&quot;iso&quot;:&quot;0&quot;,&quot;shutter_speed&quot;:&quot;0&quot;,&quot;title&quot;:&quot;&quot;,&quot;orientation&quot;:&quot;0&quot;}\" data-image-title=\"WhatsApp Image 2022-09-20 at 13.58.04\" data-image-description=\"\" data-image-caption=\"\" data-large-file=\"https:\/\/eldiariodesanpedro.com.ar\/sitio\/wp-content\/uploads\/2022\/09\/WhatsApp-Image-2022-09-20-at-13.58.04.jpeg\" data-src=\"https:\/\/eldiariodesanpedro.com.ar\/sitio\/wp-content\/uploads\/2022\/09\/WhatsApp-Image-2022-09-20-at-13.58.04.jpeg\" alt=\"\" class=\"wp-image-110797 lazyload\" data-srcset=\"https:\/\/eldiariodesanpedro.com.ar\/sitio\/wp-content\/uploads\/2022\/09\/WhatsApp-Image-2022-09-20-at-13.58.04.jpeg 840w, https:\/\/eldiariodesanpedro.com.ar\/sitio\/wp-content\/uploads\/2022\/09\/WhatsApp-Image-2022-09-20-at-13.58.04-300x225.jpeg 300w, https:\/\/eldiariodesanpedro.com.ar\/sitio\/wp-content\/uploads\/2022\/09\/WhatsApp-Image-2022-09-20-at-13.58.04-768x576.jpeg 768w, https:\/\/eldiariodesanpedro.com.ar\/sitio\/wp-content\/uploads\/2022\/09\/WhatsApp-Image-2022-09-20-at-13.58.04-272x204.jpeg 272w\" data-sizes=\"(max-width: 840px) 100vw, 840px\" src=\"data:image\/svg+xml;base64,PHN2ZyB3aWR0aD0iMSIgaGVpZ2h0PSIxIiB4bWxucz0iaHR0cDovL3d3dy53My5vcmcvMjAwMC9zdmciPjwvc3ZnPg==\" style=\"--smush-placeholder-width: 840px; --smush-placeholder-aspect-ratio: 840\/630;\" \/><\/figure>\n","protected":false},"excerpt":{"rendered":"<p>Se present\u00f3 esta ma\u00f1ana en la Casona de la Secretar\u00eda de Turismo, el 17\u00b0 San Pedro Country Music Festival que regresa despu\u00e9s de la Pandemia de Covid. La titular del \u00e1rea Marcela Cu\u00f1er, en representaci\u00f3n de la Municipalidad de San Pedro y el productor del evento (junto a Independencia F\u00fatbol Club), Gustavo Laurino compartieron detalles [&hellip;]<\/p>\n","protected":false},"author":4,"featured_media":110798,"comment_status":"closed","ping_status":"closed","sticky":false,"template":"","format":"standard","meta":{"om_disable_all_campaigns":false,"_jetpack_memberships_contains_paid_content":false,"footnotes":""},"categories":[50,101,2],"tags":[197,696,33,19],"class_list":["post-110796","post","type-post","status-publish","format-standard","has-post-thumbnail","hentry","category-destacadas","category-interes-general-locales","category-locales","tag-buenos-aires","tag-interes-general","tag-locales","tag-san-pedro"],"aioseo_notices":[],"gutentor_comment":0,"jetpack_featured_media_url":"https:\/\/eldiariodesanpedro.com.ar\/sitio\/wp-content\/uploads\/2022\/09\/WhatsApp-Image-2022-09-20-at-13.58.05.jpeg","jetpack_shortlink":"https:\/\/wp.me\/p6RhLt-sP2","jetpack_sharing_enabled":true,"_links":{"self":[{"href":"https:\/\/eldiariodesanpedro.com.ar\/sitio\/wp-json\/wp\/v2\/posts\/110796","targetHints":{"allow":["GET"]}}],"collection":[{"href":"https:\/\/eldiariodesanpedro.com.ar\/sitio\/wp-json\/wp\/v2\/posts"}],"about":[{"href":"https:\/\/eldiariodesanpedro.com.ar\/sitio\/wp-json\/wp\/v2\/types\/post"}],"author":[{"embeddable":true,"href":"https:\/\/eldiariodesanpedro.com.ar\/sitio\/wp-json\/wp\/v2\/users\/4"}],"replies":[{"embeddable":true,"href":"https:\/\/eldiariodesanpedro.com.ar\/sitio\/wp-json\/wp\/v2\/comments?post=110796"}],"version-history":[{"count":1,"href":"https:\/\/eldiariodesanpedro.com.ar\/sitio\/wp-json\/wp\/v2\/posts\/110796\/revisions"}],"predecessor-version":[{"id":110800,"href":"https:\/\/eldiariodesanpedro.com.ar\/sitio\/wp-json\/wp\/v2\/posts\/110796\/revisions\/110800"}],"wp:featuredmedia":[{"embeddable":true,"href":"https:\/\/eldiariodesanpedro.com.ar\/sitio\/wp-json\/wp\/v2\/media\/110798"}],"wp:attachment":[{"href":"https:\/\/eldiariodesanpedro.com.ar\/sitio\/wp-json\/wp\/v2\/media?parent=110796"}],"wp:term":[{"taxonomy":"category","embeddable":true,"href":"https:\/\/eldiariodesanpedro.com.ar\/sitio\/wp-json\/wp\/v2\/categories?post=110796"},{"taxonomy":"post_tag","embeddable":true,"href":"https:\/\/eldiariodesanpedro.com.ar\/sitio\/wp-json\/wp\/v2\/tags?post=110796"}],"curies":[{"name":"wp","href":"https:\/\/api.w.org\/{rel}","templated":true}]}}