{"id":110794,"date":"2022-09-20T18:29:53","date_gmt":"2022-09-20T21:29:53","guid":{"rendered":"https:\/\/eldiariodesanpedro.com.ar\/sitio\/?p=110794"},"modified":"2022-09-20T18:29:55","modified_gmt":"2022-09-20T21:29:55","slug":"campana-nacional-de-vacunacion-para-la-aplicacion-de-la-dosis-de-triple-viral","status":"publish","type":"post","link":"https:\/\/eldiariodesanpedro.com.ar\/sitio\/campana-nacional-de-vacunacion-para-la-aplicacion-de-la-dosis-de-triple-viral\/","title":{"rendered":"Campa\u00f1a Nacional de Vacunaci\u00f3n para la aplicaci\u00f3n de la dosis de Triple Viral"},"content":{"rendered":"<!-- VideographyWP Plugin Message: Automatic video embedding prevented by plugin options. -->\n\n<p>La Municipalidad de San Pedro, a trav\u00e9s de la Secretar\u00eda de Salud informa que durante los meses de Octubre y Noviembre se cumplir\u00e1 con el diagrama de vacunaci\u00f3n para la aplicaci\u00f3n de la dosis de Triple Viral, incluida en el esquema anual obligatorio, que protege contra Sarampi\u00f3n, Paperas y Rubeola.<\/p>\n\n\n\n<p>Este a\u00f1o, los ni\u00f1os y ni\u00f1as de entre 1 y 4 a\u00f1os deben aplicarse una dosis extra de la vacuna Triple Viral y contra la Polio, independientemente del antecedente de vacunaci\u00f3n, para hacerlo deben dirigirse al Hospital, Centros de Salud, Hospitales de las localidades o a los puntos que se promocionar\u00e1n oportunamente en diferentes puntos del Partido.<\/p>\n\n\n\n<p>Las vacunas pueden aplicarse en simult\u00e1neo con otras, incluso con las de Covid-19.<\/p>\n","protected":false},"excerpt":{"rendered":"<p>La Municipalidad de San Pedro, a trav\u00e9s de la Secretar\u00eda de Salud informa que durante los meses de Octubre y Noviembre se cumplir\u00e1 con el diagrama de vacunaci\u00f3n para la aplicaci\u00f3n de la dosis de Triple Viral, incluida en el esquema anual obligatorio, que protege contra Sarampi\u00f3n, Paperas y Rubeola. Este a\u00f1o, los ni\u00f1os y [&hellip;]<\/p>\n","protected":false},"author":4,"featured_media":100191,"comment_status":"closed","ping_status":"closed","sticky":false,"template":"","format":"standard","meta":{"om_disable_all_campaigns":false,"_jetpack_memberships_contains_paid_content":false,"footnotes":""},"categories":[101,2],"tags":[197,3034,696,33,19],"class_list":["post-110794","post","type-post","status-publish","format-standard","has-post-thumbnail","hentry","category-interes-general-locales","category-locales","tag-buenos-aires","tag-campana-nacional-de-vacunacion-para-la-aplicacion-de-la-dosis-de-triple-viral","tag-interes-general","tag-locales","tag-san-pedro"],"aioseo_notices":[],"gutentor_comment":0,"jetpack_featured_media_url":"https:\/\/eldiariodesanpedro.com.ar\/sitio\/wp-content\/uploads\/2021\/10\/la-vacunacion-contra-la-covid-19-de-los-menores-de-12-anos-se-acerca-foto-freepik.jpeg","jetpack_shortlink":"https:\/\/wp.me\/p6RhLt-sP0","jetpack_sharing_enabled":true,"_links":{"self":[{"href":"https:\/\/eldiariodesanpedro.com.ar\/sitio\/wp-json\/wp\/v2\/posts\/110794","targetHints":{"allow":["GET"]}}],"collection":[{"href":"https:\/\/eldiariodesanpedro.com.ar\/sitio\/wp-json\/wp\/v2\/posts"}],"about":[{"href":"https:\/\/eldiariodesanpedro.com.ar\/sitio\/wp-json\/wp\/v2\/types\/post"}],"author":[{"embeddable":true,"href":"https:\/\/eldiariodesanpedro.com.ar\/sitio\/wp-json\/wp\/v2\/users\/4"}],"replies":[{"embeddable":true,"href":"https:\/\/eldiariodesanpedro.com.ar\/sitio\/wp-json\/wp\/v2\/comments?post=110794"}],"version-history":[{"count":1,"href":"https:\/\/eldiariodesanpedro.com.ar\/sitio\/wp-json\/wp\/v2\/posts\/110794\/revisions"}],"predecessor-version":[{"id":110795,"href":"https:\/\/eldiariodesanpedro.com.ar\/sitio\/wp-json\/wp\/v2\/posts\/110794\/revisions\/110795"}],"wp:featuredmedia":[{"embeddable":true,"href":"https:\/\/eldiariodesanpedro.com.ar\/sitio\/wp-json\/wp\/v2\/media\/100191"}],"wp:attachment":[{"href":"https:\/\/eldiariodesanpedro.com.ar\/sitio\/wp-json\/wp\/v2\/media?parent=110794"}],"wp:term":[{"taxonomy":"category","embeddable":true,"href":"https:\/\/eldiariodesanpedro.com.ar\/sitio\/wp-json\/wp\/v2\/categories?post=110794"},{"taxonomy":"post_tag","embeddable":true,"href":"https:\/\/eldiariodesanpedro.com.ar\/sitio\/wp-json\/wp\/v2\/tags?post=110794"}],"curies":[{"name":"wp","href":"https:\/\/api.w.org\/{rel}","templated":true}]}}