{"id":110791,"date":"2022-09-20T18:24:22","date_gmt":"2022-09-20T21:24:22","guid":{"rendered":"https:\/\/eldiariodesanpedro.com.ar\/sitio\/?p=110791"},"modified":"2022-09-20T18:24:24","modified_gmt":"2022-09-20T21:24:24","slug":"se-reanudo-la-obra-de-adoquinado-sobre-la-calle-juan-ismael-jimenez","status":"publish","type":"post","link":"https:\/\/eldiariodesanpedro.com.ar\/sitio\/se-reanudo-la-obra-de-adoquinado-sobre-la-calle-juan-ismael-jimenez\/","title":{"rendered":"Se reanud\u00f3 la obra de adoquinado sobre la calle Juan Ismael Jim\u00e9nez"},"content":{"rendered":"<!-- VideographyWP Plugin Message: Automatic video embedding prevented by plugin options. -->\n\n<p>Los trabajos ser\u00e1n completados por el municipio debido a que la cooperativa a cargo de la obra solicit\u00f3 una readecuaci\u00f3n al precio original.<\/p>\n\n\n\n<p>Despu\u00e9s de varias semanas de incertidumbre hace pocos d\u00edas se reactiv\u00f3 la obra que se est\u00e1 desarrollando sobre la avenida costanera.&nbsp;<\/p>\n\n\n\n<p>Desde hace algunas semanas la misma se encontraba detenida ya que la cooperativa a cargo de las tareas hab\u00eda solicitado una readecuaci\u00f3n en el precio original presupuestado pero ante la inactividad de la firma el municipio tom\u00f3 la decisi\u00f3n de hacerle frente a la obra con personal propio.<\/p>\n\n\n\n<p>Las tareas originales hab\u00edan llegado pr\u00e1cticamente a la intersecci\u00f3n de calle Juan Ismael Jim\u00e9nez con Las Provincias pero ahora continuar\u00e1 y finalizar\u00e1 en la intersecci\u00f3n con la avenida 11 de Septiembre donde el antiguo pavimento ya fue retirado.<\/p>\n","protected":false},"excerpt":{"rendered":"<p>Los trabajos ser\u00e1n completados por el municipio debido a que la cooperativa a cargo de la obra solicit\u00f3 una readecuaci\u00f3n al precio original. Despu\u00e9s de varias semanas de incertidumbre hace pocos d\u00edas se reactiv\u00f3 la obra que se est\u00e1 desarrollando sobre la avenida costanera.&nbsp; Desde hace algunas semanas la misma se encontraba detenida ya que [&hellip;]<\/p>\n","protected":false},"author":4,"featured_media":110792,"comment_status":"closed","ping_status":"closed","sticky":false,"template":"","format":"standard","meta":{"om_disable_all_campaigns":false,"_jetpack_memberships_contains_paid_content":false,"footnotes":""},"categories":[50,101,2],"tags":[197,696,33,19],"class_list":["post-110791","post","type-post","status-publish","format-standard","has-post-thumbnail","hentry","category-destacadas","category-interes-general-locales","category-locales","tag-buenos-aires","tag-interes-general","tag-locales","tag-san-pedro"],"aioseo_notices":[],"gutentor_comment":0,"jetpack_featured_media_url":"https:\/\/eldiariodesanpedro.com.ar\/sitio\/wp-content\/uploads\/2022\/09\/0000021254-resized-1920x1080-1.jpg","jetpack_shortlink":"https:\/\/wp.me\/p6RhLt-sOX","jetpack_sharing_enabled":true,"_links":{"self":[{"href":"https:\/\/eldiariodesanpedro.com.ar\/sitio\/wp-json\/wp\/v2\/posts\/110791","targetHints":{"allow":["GET"]}}],"collection":[{"href":"https:\/\/eldiariodesanpedro.com.ar\/sitio\/wp-json\/wp\/v2\/posts"}],"about":[{"href":"https:\/\/eldiariodesanpedro.com.ar\/sitio\/wp-json\/wp\/v2\/types\/post"}],"author":[{"embeddable":true,"href":"https:\/\/eldiariodesanpedro.com.ar\/sitio\/wp-json\/wp\/v2\/users\/4"}],"replies":[{"embeddable":true,"href":"https:\/\/eldiariodesanpedro.com.ar\/sitio\/wp-json\/wp\/v2\/comments?post=110791"}],"version-history":[{"count":1,"href":"https:\/\/eldiariodesanpedro.com.ar\/sitio\/wp-json\/wp\/v2\/posts\/110791\/revisions"}],"predecessor-version":[{"id":110793,"href":"https:\/\/eldiariodesanpedro.com.ar\/sitio\/wp-json\/wp\/v2\/posts\/110791\/revisions\/110793"}],"wp:featuredmedia":[{"embeddable":true,"href":"https:\/\/eldiariodesanpedro.com.ar\/sitio\/wp-json\/wp\/v2\/media\/110792"}],"wp:attachment":[{"href":"https:\/\/eldiariodesanpedro.com.ar\/sitio\/wp-json\/wp\/v2\/media?parent=110791"}],"wp:term":[{"taxonomy":"category","embeddable":true,"href":"https:\/\/eldiariodesanpedro.com.ar\/sitio\/wp-json\/wp\/v2\/categories?post=110791"},{"taxonomy":"post_tag","embeddable":true,"href":"https:\/\/eldiariodesanpedro.com.ar\/sitio\/wp-json\/wp\/v2\/tags?post=110791"}],"curies":[{"name":"wp","href":"https:\/\/api.w.org\/{rel}","templated":true}]}}